{"id":164637,"date":"2020-04-18T07:10:07","date_gmt":"2020-04-18T10:10:07","guid":{"rendered":"http:\/\/www.caririemacao.com\/1\/?p=164637"},"modified":"2020-04-18T07:10:09","modified_gmt":"2020-04-18T10:10:09","slug":"governo-do-estado-envia-ambulancia-uti-para-o-hospital-de-taperoa","status":"publish","type":"post","link":"https:\/\/www.caririemacao.com\/1\/2020\/04\/18\/governo-do-estado-envia-ambulancia-uti-para-o-hospital-de-taperoa\/","title":{"rendered":"Governo do Estado envia ambul\u00e2ncia UTI para o Hospital de Tapero\u00e1"},"content":{"rendered":"\n<p>O Governo da Para\u00edba enviou nesta sexta-feira (17) uma UTI m\u00f3vel para o Hospital Regional de Tapero\u00e1. A informa\u00e7\u00e3o foi confirmada pelo secret\u00e1rio de Sa\u00fade da Para\u00edba, Dr. Geraldo Medeiros, \u00e0 dire\u00e7\u00e3o da institui\u00e7\u00e3o atrav\u00e9s do m\u00e9dico Dr Ben Sirak.<\/p>\n\n\n\n<p>O pedido j\u00e1 vinha sendo feito h\u00e1 um bom tempo pelas autoridades e se tornou mais forte agora diante da crise do Coronav\u00edrus.<\/p>\n\n\n\n<p>Dr Ben Sirak confirmou ainda que em breve chegar\u00e1 ao hospital um respirador infantil e fisioterapeuta para assistir a crian\u00e7as com comorbidades.<\/p>\n\n\n\n<p>O Hospital de Tapero\u00e1 \u00e9 refer\u00eancia na regi\u00e3o do Cariri e assiste a pelo menos outros 7 munic\u00edpios com excel\u00eancia no atendimento. A ambul\u00e2ncia dar\u00e1 mais agilidade aos casos que precisem ser transferidos para Campina Grande.<\/p>\n","protected":false},"excerpt":{"rendered":"<p>O Governo da Para\u00edba enviou nesta sexta-feira (17) uma UTI m\u00f3vel para o Hospital Regional de Tapero\u00e1. A informa\u00e7\u00e3o foi confirmada pelo secret\u00e1rio de Sa\u00fade&hellip; <\/p>\n","protected":false},"author":2,"featured_media":164638,"comment_status":"closed","ping_status":"closed","sticky":false,"template":"","format":"standard","meta":{"sfsi_plus_gutenberg_text_before_share":"","sfsi_plus_gutenberg_show_text_before_share":"","sfsi_plus_gutenberg_icon_type":"","sfsi_plus_gutenberg_icon_alignemt":"","sfsi_plus_gutenburg_max_per_row":"","footnotes":""},"categories":[50,2],"tags":[],"class_list":["post-164637","post","type-post","status-publish","format-standard","has-post-thumbnail","hentry","category-destaque","category-geral"],"_links":{"self":[{"href":"https:\/\/www.caririemacao.com\/1\/wp-json\/wp\/v2\/posts\/164637","targetHints":{"allow":["GET"]}}],"collection":[{"href":"https:\/\/www.caririemacao.com\/1\/wp-json\/wp\/v2\/posts"}],"about":[{"href":"https:\/\/www.caririemacao.com\/1\/wp-json\/wp\/v2\/types\/post"}],"author":[{"embeddable":true,"href":"https:\/\/www.caririemacao.com\/1\/wp-json\/wp\/v2\/users\/2"}],"replies":[{"embeddable":true,"href":"https:\/\/www.caririemacao.com\/1\/wp-json\/wp\/v2\/comments?post=164637"}],"version-history":[{"count":1,"href":"https:\/\/www.caririemacao.com\/1\/wp-json\/wp\/v2\/posts\/164637\/revisions"}],"predecessor-version":[{"id":164639,"href":"https:\/\/www.caririemacao.com\/1\/wp-json\/wp\/v2\/posts\/164637\/revisions\/164639"}],"wp:featuredmedia":[{"embeddable":true,"href":"https:\/\/www.caririemacao.com\/1\/wp-json\/wp\/v2\/media\/164638"}],"wp:attachment":[{"href":"https:\/\/www.caririemacao.com\/1\/wp-json\/wp\/v2\/media?parent=164637"}],"wp:term":[{"taxonomy":"category","embeddable":true,"href":"https:\/\/www.caririemacao.com\/1\/wp-json\/wp\/v2\/categories?post=164637"},{"taxonomy":"post_tag","embeddable":true,"href":"https:\/\/www.caririemacao.com\/1\/wp-json\/wp\/v2\/tags?post=164637"}],"curies":[{"name":"wp","href":"https:\/\/api.w.org\/{rel}","templated":true}]}}