{"id":164643,"date":"2020-04-18T07:13:18","date_gmt":"2020-04-18T10:13:18","guid":{"rendered":"http:\/\/www.caririemacao.com\/1\/?p=164643"},"modified":"2020-04-18T07:13:20","modified_gmt":"2020-04-18T10:13:20","slug":"tse-nega-pedido-de-adiamento-das-eleicoes-municipais-de-2020-2","status":"publish","type":"post","link":"https:\/\/www.caririemacao.com\/1\/2020\/04\/18\/tse-nega-pedido-de-adiamento-das-eleicoes-municipais-de-2020-2\/","title":{"rendered":"TSE nega pedido de adiamento das elei\u00e7\u00f5es municipais de 2020"},"content":{"rendered":"\n<p>O Tribunal Superior Eleitoral (TSE) negou um pedido do senador&nbsp;Major Olimpio&nbsp;(PSL-SP) para adiar as elei\u00e7\u00f5es municipais deste ano em raz\u00e3o da pandemia do novo coronav\u00edrus no Brasil.<\/p>\n\n\n\n<p>Segundo a presidente da Corte, ministra&nbsp;Rosa Weber, o prazo \u00e9 estabelecido por lei e qualquer altera\u00e7\u00e3o feita judicialmente extrapola os limites de atua\u00e7\u00e3o da Justi\u00e7a Eleitoral. O Tribunal entende, portanto, ser poss\u00edvel ainda a realiza\u00e7\u00e3o do pleito no prazo estabelecido.<\/p>\n\n\n\n<p>O calend\u00e1rio eleitoral est\u00e1 sendo cumprido, apesar da crise sem precedentes no sistema de sa\u00fade do pa\u00eds causada pela pandemia do coronav\u00edrus.&nbsp;No dia 4 de abril, data que marca seis meses antes do pleito, foi conclu\u00eddo o per\u00edodo para que novas legendas, que participar\u00e3o das elei\u00e7\u00f5es, registrassem seus estatutos no TSE. Nesta data, se encerrou tamb\u00e9m o prazo de filia\u00e7\u00e3o de candidatos, que devem ter o domic\u00edlio eleitoral na circunscri\u00e7\u00e3o em que desejam disputar o pleito em outubro.<\/p>\n\n\n\n<p>\u201cLament\u00e1vel essa decis\u00e3o, uma vez que n\u00e3o sabemos quando esse momento cr\u00edtico da Pandemia ir\u00e1 passar\u201d, disse o senador Major Olimpio.<\/p>\n\n\n\n<p><em>Com Congresso em Foco<\/em><\/p>\n","protected":false},"excerpt":{"rendered":"<p>O Tribunal Superior Eleitoral (TSE) negou um pedido do senador&nbsp;Major Olimpio&nbsp;(PSL-SP) para adiar as elei\u00e7\u00f5es municipais deste ano em raz\u00e3o da pandemia do novo coronav\u00edrus&hellip; <\/p>\n","protected":false},"author":2,"featured_media":164644,"comment_status":"closed","ping_status":"closed","sticky":false,"template":"","format":"standard","meta":{"sfsi_plus_gutenberg_text_before_share":"","sfsi_plus_gutenberg_show_text_before_share":"","sfsi_plus_gutenberg_icon_type":"","sfsi_plus_gutenberg_icon_alignemt":"","sfsi_plus_gutenburg_max_per_row":"","footnotes":""},"categories":[2],"tags":[],"class_list":["post-164643","post","type-post","status-publish","format-standard","has-post-thumbnail","hentry","category-geral"],"_links":{"self":[{"href":"https:\/\/www.caririemacao.com\/1\/wp-json\/wp\/v2\/posts\/164643","targetHints":{"allow":["GET"]}}],"collection":[{"href":"https:\/\/www.caririemacao.com\/1\/wp-json\/wp\/v2\/posts"}],"about":[{"href":"https:\/\/www.caririemacao.com\/1\/wp-json\/wp\/v2\/types\/post"}],"author":[{"embeddable":true,"href":"https:\/\/www.caririemacao.com\/1\/wp-json\/wp\/v2\/users\/2"}],"replies":[{"embeddable":true,"href":"https:\/\/www.caririemacao.com\/1\/wp-json\/wp\/v2\/comments?post=164643"}],"version-history":[{"count":1,"href":"https:\/\/www.caririemacao.com\/1\/wp-json\/wp\/v2\/posts\/164643\/revisions"}],"predecessor-version":[{"id":164645,"href":"https:\/\/www.caririemacao.com\/1\/wp-json\/wp\/v2\/posts\/164643\/revisions\/164645"}],"wp:featuredmedia":[{"embeddable":true,"href":"https:\/\/www.caririemacao.com\/1\/wp-json\/wp\/v2\/media\/164644"}],"wp:attachment":[{"href":"https:\/\/www.caririemacao.com\/1\/wp-json\/wp\/v2\/media?parent=164643"}],"wp:term":[{"taxonomy":"category","embeddable":true,"href":"https:\/\/www.caririemacao.com\/1\/wp-json\/wp\/v2\/categories?post=164643"},{"taxonomy":"post_tag","embeddable":true,"href":"https:\/\/www.caririemacao.com\/1\/wp-json\/wp\/v2\/tags?post=164643"}],"curies":[{"name":"wp","href":"https:\/\/api.w.org\/{rel}","templated":true}]}}