{"id":164657,"date":"2020-04-18T07:19:38","date_gmt":"2020-04-18T10:19:38","guid":{"rendered":"http:\/\/www.caririemacao.com\/1\/?p=164657"},"modified":"2020-04-18T07:19:40","modified_gmt":"2020-04-18T10:19:40","slug":"prefeitos-paraibanos-querem-que-decreto-estadual-que-estabelece-fechamento-de-comercios-e-isolamento-social-se-estenda-a-municipios-sem-casos","status":"publish","type":"post","link":"https:\/\/www.caririemacao.com\/1\/2020\/04\/18\/prefeitos-paraibanos-querem-que-decreto-estadual-que-estabelece-fechamento-de-comercios-e-isolamento-social-se-estenda-a-municipios-sem-casos\/","title":{"rendered":"Prefeitos paraibanos querem que decreto estadual que estabelece fechamento de com\u00e9rcios e isolamento social se estenda a munic\u00edpios sem casos"},"content":{"rendered":"\n<p>Prefeitos paraibanos, reunidos de forma remota junto a Federa\u00e7\u00e3o das Associa\u00e7\u00f5es de Munic\u00edpios da Para\u00edba (Famup), cobraram ao governador Jo\u00e3o Azev\u00eado a unifica\u00e7\u00e3o do decreto estadual, que ser\u00e1 prorrogado at\u00e9 o dia 3 de maio. Os gestores pedem que as medidas determinadas pelo Estado se apliquem a todos os munic\u00edpios, mesmo aqueles sem casos registrados da Covid-19, medida que garante a seguran\u00e7a da popula\u00e7\u00e3o em todas as regi\u00f5es da Para\u00edba.<\/p>\n\n\n\n<p>Os gestores alegam que o decreto estadual prejudica a popula\u00e7\u00e3o no sentido de ter mais rigor em cidades que n\u00e3o registraram casos, quando se sabe que os munic\u00edpios s\u00e3o pr\u00f3ximos uns dos outros e isso faz com que a popula\u00e7\u00e3o transite para os locais em que as a\u00e7\u00f5es de isolamento s\u00e3o mais brandas.<\/p>\n\n\n\n<p>\u201cDeixo o exemplo das feiras livres. Se um munic\u00edpio tem um caso de Covid-19 dever\u00e1 est\u00e1 com a feira proibida, mas o vizinho que n\u00e3o tem casos registrados estar\u00e1 com a feira funcionando. Ent\u00e3o, muitas pessoas da cidade que tem caso da doen\u00e7a ir\u00e3o para o munic\u00edpio vizinho participar da feira, levando risco para as pessoas\u201d, explicou o presidente da Famup, George Coelho.<\/p>\n\n\n\n<p>Os prefeitos destacaram ainda que a evolu\u00e7\u00e3o da doen\u00e7a no Estado tem n\u00famero ainda numa escala menor que os Estados vizinhos pela prud\u00eancia adotada em todos os munic\u00edpios com as medidas de isolamento social independente da confirma\u00e7\u00e3o de casos em seus munic\u00edpios. \u201cPara manter essa seguran\u00e7a e o isolamento social \u00e9 que estamos pedindo que o governador retire do decreto a exig\u00eancia das medidas apenas para munic\u00edpios com casos confirmados\u201d, disse George Coelho.<\/p>\n","protected":false},"excerpt":{"rendered":"<p>Prefeitos paraibanos, reunidos de forma remota junto a Federa\u00e7\u00e3o das Associa\u00e7\u00f5es de Munic\u00edpios da Para\u00edba (Famup), cobraram ao governador Jo\u00e3o Azev\u00eado a unifica\u00e7\u00e3o do decreto&hellip; <\/p>\n","protected":false},"author":2,"featured_media":164658,"comment_status":"closed","ping_status":"closed","sticky":false,"template":"","format":"standard","meta":{"sfsi_plus_gutenberg_text_before_share":"","sfsi_plus_gutenberg_show_text_before_share":"","sfsi_plus_gutenberg_icon_type":"","sfsi_plus_gutenberg_icon_alignemt":"","sfsi_plus_gutenburg_max_per_row":"","footnotes":""},"categories":[2],"tags":[],"class_list":["post-164657","post","type-post","status-publish","format-standard","has-post-thumbnail","hentry","category-geral"],"_links":{"self":[{"href":"https:\/\/www.caririemacao.com\/1\/wp-json\/wp\/v2\/posts\/164657","targetHints":{"allow":["GET"]}}],"collection":[{"href":"https:\/\/www.caririemacao.com\/1\/wp-json\/wp\/v2\/posts"}],"about":[{"href":"https:\/\/www.caririemacao.com\/1\/wp-json\/wp\/v2\/types\/post"}],"author":[{"embeddable":true,"href":"https:\/\/www.caririemacao.com\/1\/wp-json\/wp\/v2\/users\/2"}],"replies":[{"embeddable":true,"href":"https:\/\/www.caririemacao.com\/1\/wp-json\/wp\/v2\/comments?post=164657"}],"version-history":[{"count":1,"href":"https:\/\/www.caririemacao.com\/1\/wp-json\/wp\/v2\/posts\/164657\/revisions"}],"predecessor-version":[{"id":164659,"href":"https:\/\/www.caririemacao.com\/1\/wp-json\/wp\/v2\/posts\/164657\/revisions\/164659"}],"wp:featuredmedia":[{"embeddable":true,"href":"https:\/\/www.caririemacao.com\/1\/wp-json\/wp\/v2\/media\/164658"}],"wp:attachment":[{"href":"https:\/\/www.caririemacao.com\/1\/wp-json\/wp\/v2\/media?parent=164657"}],"wp:term":[{"taxonomy":"category","embeddable":true,"href":"https:\/\/www.caririemacao.com\/1\/wp-json\/wp\/v2\/categories?post=164657"},{"taxonomy":"post_tag","embeddable":true,"href":"https:\/\/www.caririemacao.com\/1\/wp-json\/wp\/v2\/tags?post=164657"}],"curies":[{"name":"wp","href":"https:\/\/api.w.org\/{rel}","templated":true}]}}