{"id":164661,"date":"2020-04-18T07:58:44","date_gmt":"2020-04-18T10:58:44","guid":{"rendered":"http:\/\/www.caririemacao.com\/1\/?p=164661"},"modified":"2020-04-18T07:58:45","modified_gmt":"2020-04-18T10:58:45","slug":"caixa-divulga-novo-calendario-para-pagamento-do-auxilio-emergencial","status":"publish","type":"post","link":"https:\/\/www.caririemacao.com\/1\/2020\/04\/18\/caixa-divulga-novo-calendario-para-pagamento-do-auxilio-emergencial\/","title":{"rendered":"Caixa divulga novo calend\u00e1rio para pagamento do aux\u00edlio emergencial"},"content":{"rendered":"\n<p>A&nbsp;Caixa Econ\u00f4mica Federal&nbsp;divulgou o calend\u00e1rio de pagamento do aux\u00edlio emergencial que vai desta sexta-feira (17) at\u00e9 o dia 30 de abril. Somente entre esta sexta e segunda-feira (20), mais de 15 milh\u00f5es de pessoas ser\u00e3o contempladas, incluindo os benefici\u00e1rios inscritos por meio do site ou do aplicativo e aqueles inscritos no Bolsa Fam\u00edlia e no Cad\u00danico.<\/p>\n\n\n\n<p><strong>S\u00e3o tr\u00eas calend\u00e1rios de pagamento diferentes:<\/strong><\/p>\n\n\n\n<ol class=\"wp-block-list\"><li>um terceiro para quem se inscreveu para receber o Aux\u00edlio Emergencial atrav\u00e9s do&nbsp;<strong>aplicativo ou do site do programa;<\/strong><\/li><li>um segundo para os&nbsp;<strong>inscritos no Cadastro \u00danico que n\u00e3o recebem o Bolsa Fam\u00edlia<\/strong>&nbsp;e mulheres chefes de fam\u00edlia;<\/li><li>um para os&nbsp;<strong>benefici\u00e1rios que recebem o Bolsa Fam\u00edlia<\/strong>;<\/li><\/ol>\n\n\n\n<p>Para&nbsp;<strong>quem receber via poupan\u00e7a digital da Caixa<\/strong>, os saques em dinheiro&nbsp;come\u00e7ar\u00e3o a ser liberados a partir do dia 27. Antes disso, no entanto, os recursos poder\u00e3o ser movimentados digitalmente (<em>veja o calend\u00e1rio ao final desta reportagem<\/em>).<\/p>\n\n\n\n<p>A Caixa Econ\u00f4mica Federal creditar\u00e1, desta sexta-feira (17) at\u00e9 segunda-feira (20), o aux\u00edlio emergencial para&nbsp;<strong>9,1 milh\u00f5es de cidad\u00e3os,<\/strong>&nbsp;que s\u00e3o os&nbsp;<strong>benefici\u00e1rios inscritos por meio do site ou do aplicativo<\/strong>&nbsp;e que&nbsp;<strong>n\u00e3o est\u00e3o no Bolsa Fam\u00edlia nem no Cad\u00danico<\/strong>. S\u00e3o cerca de R$ 5,5 bilh\u00f5es a serem pagos. Veja o calend\u00e1rio:<\/p>\n\n\n\n<ul class=\"wp-block-list\"><li><strong>Sexta-feira (17), a partir das 15h:<br>\u2013&nbsp;<\/strong>Cr\u00e9dito para&nbsp;<strong>3.438.238 pessoas com conta poupan\u00e7a na Caixa<\/strong><\/li><li><strong>S\u00e1bado (18):<br>\u2013&nbsp;<\/strong>Cr\u00e9dito para&nbsp;<strong>1.420.466 pessoas com contas em outros bancos<\/strong><\/li><li><strong>Segunda-feira (20):<br>\u2013&nbsp;<\/strong>Cr\u00e9dito para&nbsp;<strong>4.230.900 pessoas na Poupan\u00e7a Social Digital Caixa<\/strong><\/li><\/ul>\n\n\n\n<h2 class=\"wp-block-heading\">Bolsa Fam\u00edlia<\/h2>\n\n\n\n<p>Segue o calend\u00e1rio de pagamentos para os benefici\u00e1rios do Bolsa Fam\u00edlia:<\/p>\n\n\n\n<ul class=\"wp-block-list\"><li><strong>Sexta-feira (17)<\/strong>:<br>\u2013&nbsp;<strong>1.926.557&nbsp;<\/strong>benefici\u00e1rios do Bolsa Fam\u00edlia cujo&nbsp;<strong>\u00faltimo digito do NIS \u00e9 igual a 2<\/strong><\/li><li><strong>Segunda-feira (20):<br>\u2013 1.923.492&nbsp;<\/strong>benefici\u00e1rios do Bolsa Fam\u00edlia cujo<strong>&nbsp;\u00faltimo digito do NIS \u00e9 igual a 3<\/strong><\/li><li><strong>Quarta-feira (22):<br>\u2013 1.924.261&nbsp;<\/strong>benefici\u00e1rios do Bolsa Fam\u00edlia cujo&nbsp;<strong>\u00faltimo digito do NIS \u00e9 igual a 4<\/strong><\/li><li><strong>Quinta-feira (23):<br>\u2013 1.922.522&nbsp;<\/strong>benefici\u00e1rios do Bolsa Fam\u00edlia cujo&nbsp;<strong>\u00faltimo digito do NIS \u00e9 igual a 5<\/strong><\/li><li><strong>Sexta-feira (24):<br>\u2013 1.919.453&nbsp;<\/strong>benefici\u00e1rios do Bolsa Fam\u00edlia cujo&nbsp;<strong>\u00faltimo digito do NIS \u00e9 igual a 6<\/strong><\/li><li><strong>Segunda-feira (27):<br>\u2013 1.921.061&nbsp;<\/strong>benefici\u00e1rios do Bolsa Fam\u00edlia cujo&nbsp;<strong>\u00faltimo digito do NIS \u00e9 igual a 7<\/strong><\/li><li><strong>Ter\u00e7a-feira (28):<br>\u2013 1.917.991&nbsp;<\/strong>benefici\u00e1rios do Bolsa Fam\u00edlia cujo&nbsp;<strong>\u00faltimo digito do NIS \u00e9 igual a 8<\/strong><\/li><li><strong>Quarta-feira (29):<br>\u2013 1.920.953&nbsp;<\/strong>benefici\u00e1rios do Bolsa Fam\u00edlia cujo&nbsp;<strong>\u00faltimo digito do NIS \u00e9 igual a 9<\/strong><\/li><li><strong>Quinta-feira (30):<br>\u2013 1.918.047&nbsp;<\/strong>benefici\u00e1rios do Bolsa Fam\u00edlia cujo&nbsp;<strong>\u00faltimo digito do NIS \u00e9 igual a 0<\/strong><\/li><\/ul>\n\n\n\n<p>Nos dois primeiros dias do calend\u00e1rio de pagamento do aux\u00edlio emergencial para os eleg\u00edveis do p\u00fablico de benefici\u00e1rios do programa Bolsa Fam\u00edlia, a Caixa j\u00e1 creditou R$ 3 bilh\u00f5es para 3,9 milh\u00f5es de pessoas.<\/p>\n\n\n\n<h2 class=\"wp-block-heading\">Inscritos no Cadastro \u00danico<\/h2>\n\n\n\n<p>Para os inscritos no Cad\u00danico e que n\u00e3o fazem parte do programa Bolsa Fam\u00edlia, a Caixa credita&nbsp;nesta sexta-feira (17) R$ 1,5 bilh\u00e3o para 2,1 milh\u00f5es de pessoas. Ao todo j\u00e1 foram disponibilizados R$ 6,3 bilh\u00f5es para 9,3 milh\u00f5es de brasileiros. Foram abertas mais de 6,4 milh\u00f5es de contas do tipo poupan\u00e7a social para esse p\u00fablico.<\/p>\n\n\n\n<h2 class=\"wp-block-heading\"><strong>R$ 11,4 bilh\u00f5es foram pagos a 16,6 milh\u00f5es<\/strong><\/h2>\n\n\n\n<p>A&nbsp;<a href=\"https:\/\/g1.globo.com\/tudo-sobre\/caixa-economica-federal\/\">Caixa Econ\u00f4mica Federal<\/a>&nbsp;informou que, desde o dia 9 de abril, quando teve in\u00edcio o pagamento do aux\u00edlio emergencial,&nbsp;j\u00e1 creditou mais de R$ 11,4 bilh\u00f5es para 16,6 milh\u00f5es de brasileiros.At\u00e9 agora, 38 milh\u00f5es de pessoas j\u00e1 conclu\u00edram o&nbsp;<a href=\"https:\/\/g1.globo.com\/economia\/noticia\/2020\/04\/07\/como-pedir-o-auxilio-de-600.ghtml\">cadastro no site e no aplicativo<\/a>, por meio do qual informais, aut\u00f4nomos, desempregados e MEIs podem solicitar o benef\u00edcio.<\/p>\n\n\n\n<p>O site&nbsp;<a href=\"http:\/\/auxilio.caixa.gov.br\/\" target=\"_blank\" rel=\"noreferrer noopener\">auxilio.caixa.gov.br<\/a>&nbsp;superou a marca de 275 milh\u00f5es de visitas e a central exclusiva 111 registra mais de 32 milh\u00f5es de liga\u00e7\u00f5es. O aplicativo Aux\u00edlio Emergencial Caixa j\u00e1 soma 45 milh\u00f5es de downloads e o aplicativo Caixa Tem, para movimenta\u00e7\u00e3o da poupan\u00e7a digital, supera 11 milh\u00f5es de downloads.<\/p>\n\n\n\n<p>O governo come\u00e7ou a pagar nesta semana uma&nbsp;nova rodada de pagamento do aux\u00edlio emergencial de R$ 600.&nbsp;Na quinta, receberam o aux\u00edlio&nbsp;os benefici\u00e1rios do Bolsa Fam\u00edlia e trabalhadores que se inscreveram no programa emergencial por meio do aplicativo e do site&nbsp;e tiveram seu pedido aprovado. Na quarta,&nbsp;mais 1,6 milh\u00e3o de pessoas recebem o aux\u00edlio emergencial.<\/p>\n\n\n\n<p>No dia 9,&nbsp;cerca de 2,5 milh\u00f5es de pessoas receberam a primeira parcela&nbsp;do aux\u00edlio emergencial anunciado pelo governo para trabalhadores informais. Os primeiros a receber foram aqueles que est\u00e3o no Cadastro \u00danico do governo federal, mas n\u00e3o recebem Bolsa Fam\u00edlia e t\u00eam conta no Banco do Brasil ou poupan\u00e7a na Caixa.<\/p>\n\n\n\n<h2 class=\"wp-block-heading\">Conta poupan\u00e7a digital<\/h2>\n\n\n\n<p>A Caixa abrir\u00e1 automaticamente as contas de poupan\u00e7a digitais para os benefici\u00e1rios considerados aptos a receber o aux\u00edlio emergencial e que n\u00e3o tenham outra conta banc\u00e1ria nem sejam benefici\u00e1rios do Bolsa Fam\u00edlia.<\/p>\n\n\n\n<p>Os que receberem o cr\u00e9dito por meio da conta digital poder\u00e3o efetuar transfer\u00eancias ilimitadas entre contas da Caixa ou realizar gratuitamente at\u00e9 tr\u00eas transfer\u00eancias para outros bancos a cada m\u00eas, pelos pr\u00f3ximos 90 dias. Al\u00e9m disso, podem pagar boletos e contas de \u00e1gua, luz, telefone, entre outras. A conta \u00e9 isenta de tarifas.<\/p>\n\n\n\n<p>O acesso \u00e0 conta \u00e9 feito pelo aplicativo CAIXA Tem, que pode ser baixado na loja de aplicativos dos smartphones&nbsp;<a href=\"https:\/\/play.google.com\/store\/apps\/details?id=br.gov.caixa.tem&amp;hl=pt_BR.\" target=\"_blank\" rel=\"noreferrer noopener\">neste link<\/a>.<strong>Saques da poupan\u00e7a digital<\/strong><\/p>\n\n\n\n<p>Para evitar aglomera\u00e7\u00f5es nas ag\u00eancias, a&nbsp;Caixa estabeleceu um calend\u00e1rio para os benefici\u00e1rios que quiserem sacar em dinheiro&nbsp;o valor depositado nas poupan\u00e7as digitais abertas para os trabalhadores:<\/p>\n\n\n\n<ul class=\"wp-block-list\"><li>27 de abril \u2013 nascidos em janeiro e fevereiro<\/li><li>28 de abril \u2013 nascidos em mar\u00e7o e abril<\/li><li>29 de abril \u2013 nascidos em maio e junho<\/li><li>30 de abril \u2013 nascidos julho e agosto<\/li><li>4 de maio \u2013 nascidos em setembro e outubro<\/li><li>5 de maio \u2013 nascidos em novembro e dezembro<\/li><\/ul>\n\n\n\n<h2 class=\"wp-block-heading\"><strong>Quem tem direito<\/strong><\/h2>\n\n\n\n<p>Durante tr\u00eas meses, ser\u00e1 concedido aux\u00edlio emergencial de R$ 600 ao trabalhador que cumpra&nbsp;todos estes requisitos:<\/p>\n\n\n\n<ul class=\"wp-block-list\"><li>ser maior de 18 anos de idade com CPF regularizado;<\/li><li>n\u00e3o ter emprego formal;<\/li><li>n\u00e3o ser titular de benef\u00edcio previdenci\u00e1rio ou assistencial, benefici\u00e1rio do seguro-desemprego ou de programa de transfer\u00eancia de renda federal, \u00e0 exce\u00e7\u00e3o do Bolsa Fam\u00edlia;<\/li><li>ter renda familiar mensal por pessoa de at\u00e9 meio sal\u00e1rio m\u00ednimo (R$ 522,50) ou renda familiar mensal total de at\u00e9 tr\u00eas sal\u00e1rios m\u00ednimos (R$ 3.135);<\/li><li>que, no ano de 2018, n\u00e3o tiver recebido rendimentos tribut\u00e1veis acima de R$ 28.559,70 em 2018.<\/li><\/ul>\n\n\n\n<p>O aux\u00edlio ser\u00e1 cortado caso seja constatado o descumprimento desses requisitos. O trabalhador deve exercer atividade na condi\u00e7\u00e3o de:<\/p>\n\n\n\n<ul class=\"wp-block-list\"><li>microempreendedor individual (MEI);<\/li><li>contribuinte individual do Regime Geral de Previd\u00eancia Social que trabalhe por conta pr\u00f3pria;<\/li><li>trabalhador informal empregado, aut\u00f4nomo ou desempregado<\/li><li>intermitente inativo<\/li><li>estar inscrito no Cadastro \u00danico para Programas Sociais do Governo Federal (Cad\u00danico), at\u00e9 20 de mar\u00e7o de 2020<\/li><li>ou que se encaixe nos crit\u00e9rios de renda familiar mensal mencionados acima, desde que fa\u00e7a uma autodeclara\u00e7\u00e3o pelo site do governo.<\/li><\/ul>\n\n\n\n<p>A mulher que for m\u00e3e e chefe de fam\u00edlia e estiver dentro dos demais crit\u00e9rios poder\u00e1 receber R$ 1,2 mil (duas cotas) por m\u00eas.Na renda familiar, ser\u00e3o considerados todos os rendimentos obtidos por todos os membros que moram na mesma resid\u00eancia, exceto o dinheiro do Bolsa Fam\u00edlia.<\/p>\n\n\n\n<p>Quem recebe outro benef\u00edcio que n\u00e3o seja o Bolsa Fam\u00edlia (como seguro-desemprego e aposentadoria) n\u00e3o ter\u00e1 direito ao aux\u00edlio emergencial.<\/p>\n\n\n\n<p><em>G1&nbsp;<\/em><\/p>\n","protected":false},"excerpt":{"rendered":"<p>A&nbsp;Caixa Econ\u00f4mica Federal&nbsp;divulgou o calend\u00e1rio de pagamento do aux\u00edlio emergencial que vai desta sexta-feira (17) at\u00e9 o dia 30 de abril. Somente entre esta sexta&hellip; <\/p>\n","protected":false},"author":2,"featured_media":164063,"comment_status":"closed","ping_status":"closed","sticky":false,"template":"","format":"standard","meta":{"sfsi_plus_gutenberg_text_before_share":"","sfsi_plus_gutenberg_show_text_before_share":"","sfsi_plus_gutenberg_icon_type":"","sfsi_plus_gutenberg_icon_alignemt":"","sfsi_plus_gutenburg_max_per_row":"","footnotes":""},"categories":[2],"tags":[],"class_list":["post-164661","post","type-post","status-publish","format-standard","has-post-thumbnail","hentry","category-geral"],"_links":{"self":[{"href":"https:\/\/www.caririemacao.com\/1\/wp-json\/wp\/v2\/posts\/164661","targetHints":{"allow":["GET"]}}],"collection":[{"href":"https:\/\/www.caririemacao.com\/1\/wp-json\/wp\/v2\/posts"}],"about":[{"href":"https:\/\/www.caririemacao.com\/1\/wp-json\/wp\/v2\/types\/post"}],"author":[{"embeddable":true,"href":"https:\/\/www.caririemacao.com\/1\/wp-json\/wp\/v2\/users\/2"}],"replies":[{"embeddable":true,"href":"https:\/\/www.caririemacao.com\/1\/wp-json\/wp\/v2\/comments?post=164661"}],"version-history":[{"count":1,"href":"https:\/\/www.caririemacao.com\/1\/wp-json\/wp\/v2\/posts\/164661\/revisions"}],"predecessor-version":[{"id":164664,"href":"https:\/\/www.caririemacao.com\/1\/wp-json\/wp\/v2\/posts\/164661\/revisions\/164664"}],"wp:featuredmedia":[{"embeddable":true,"href":"https:\/\/www.caririemacao.com\/1\/wp-json\/wp\/v2\/media\/164063"}],"wp:attachment":[{"href":"https:\/\/www.caririemacao.com\/1\/wp-json\/wp\/v2\/media?parent=164661"}],"wp:term":[{"taxonomy":"category","embeddable":true,"href":"https:\/\/www.caririemacao.com\/1\/wp-json\/wp\/v2\/categories?post=164661"},{"taxonomy":"post_tag","embeddable":true,"href":"https:\/\/www.caririemacao.com\/1\/wp-json\/wp\/v2\/tags?post=164661"}],"curies":[{"name":"wp","href":"https:\/\/api.w.org\/{rel}","templated":true}]}}