{"id":164666,"date":"2020-04-18T08:00:07","date_gmt":"2020-04-18T11:00:07","guid":{"rendered":"http:\/\/www.caririemacao.com\/1\/?p=164666"},"modified":"2020-04-18T08:00:09","modified_gmt":"2020-04-18T11:00:09","slug":"der-autoriza-retorno-de-transportes-intermunicipais-com-medidas-de-protecao-e-de-forma-reduzida-na-paraiba","status":"publish","type":"post","link":"https:\/\/www.caririemacao.com\/1\/2020\/04\/18\/der-autoriza-retorno-de-transportes-intermunicipais-com-medidas-de-protecao-e-de-forma-reduzida-na-paraiba\/","title":{"rendered":"DER autoriza retorno de transportes intermunicipais com medidas de prote\u00e7\u00e3o e de forma reduzida na Para\u00edba"},"content":{"rendered":"\n<p>O Departamento de Estradas e Rodagens (DER) da Para\u00edba aprovou o requerimento apresentado pelas&nbsp;Empresas Permission\u00e1rias do Transporte Intermunicipal de Passageiros (SETRANS\/PB), para retornar as atividades de transportes de passageiros nas linhas intermunicipais, com as&nbsp;necess\u00e1rias medidas de seguran\u00e7a para prote\u00e7\u00e3o dos empregados e&nbsp;usu\u00e1rios, em observ\u00e2ncia as decis\u00f5es governamentais. A decis\u00e3o foi publicada no Di\u00e1rio Oficial desta sexta-feira (17).<\/p>\n\n\n\n<p>Ainda segundo a decis\u00e3o, os transportes devem voltar a circular de forma reduzida a partir da pr\u00f3xima segunda-feira (20),&nbsp;&nbsp;com a manuten\u00e7\u00e3o dos benef\u00edcios concedidos a estudantes, idoso e demais gratuidade previstas no Regulamento do Transporte&nbsp;Coletivo Intermunicipal de Passageiros do Estado da Para\u00edba<\/p>\n\n\n\n<p>Est\u00e3o autorizadas a retornar a Via\u00e7\u00e3o Rio Tinto, Empresa Via\u00e7\u00e3o S\u00e3o Jos\u00e9, Expresso Guanabara e Transportes Real Ltda.<\/p>\n\n\n\n<p>As Empresas autorizadas a operar as linhas indicadas, &nbsp;ficam obrigadas a observar o m\u00e1ximo de seguran\u00e7a no tocante a desinfec\u00e7\u00e3o dos \u00f4nibus antes da partida e logo ap\u00f3s a chegada ao local de destino, com vista a prote\u00e7\u00e3o da sa\u00fade de todos, inclusive sendo obrigat\u00f3rio o uso de m\u00e1scaras dos seus empregados em raz\u00e3o do perigo a que est\u00e3o expostos pela epidemia do Covid-19.<\/p>\n\n\n\n<p>Click PB<\/p>\n","protected":false},"excerpt":{"rendered":"<p>O Departamento de Estradas e Rodagens (DER) da Para\u00edba aprovou o requerimento apresentado pelas&nbsp;Empresas Permission\u00e1rias do Transporte Intermunicipal de Passageiros (SETRANS\/PB), para retornar as atividades&hellip; <\/p>\n","protected":false},"author":2,"featured_media":164667,"comment_status":"closed","ping_status":"closed","sticky":false,"template":"","format":"standard","meta":{"sfsi_plus_gutenberg_text_before_share":"","sfsi_plus_gutenberg_show_text_before_share":"","sfsi_plus_gutenberg_icon_type":"","sfsi_plus_gutenberg_icon_alignemt":"","sfsi_plus_gutenburg_max_per_row":"","footnotes":""},"categories":[2],"tags":[],"class_list":["post-164666","post","type-post","status-publish","format-standard","has-post-thumbnail","hentry","category-geral"],"_links":{"self":[{"href":"https:\/\/www.caririemacao.com\/1\/wp-json\/wp\/v2\/posts\/164666","targetHints":{"allow":["GET"]}}],"collection":[{"href":"https:\/\/www.caririemacao.com\/1\/wp-json\/wp\/v2\/posts"}],"about":[{"href":"https:\/\/www.caririemacao.com\/1\/wp-json\/wp\/v2\/types\/post"}],"author":[{"embeddable":true,"href":"https:\/\/www.caririemacao.com\/1\/wp-json\/wp\/v2\/users\/2"}],"replies":[{"embeddable":true,"href":"https:\/\/www.caririemacao.com\/1\/wp-json\/wp\/v2\/comments?post=164666"}],"version-history":[{"count":1,"href":"https:\/\/www.caririemacao.com\/1\/wp-json\/wp\/v2\/posts\/164666\/revisions"}],"predecessor-version":[{"id":164668,"href":"https:\/\/www.caririemacao.com\/1\/wp-json\/wp\/v2\/posts\/164666\/revisions\/164668"}],"wp:featuredmedia":[{"embeddable":true,"href":"https:\/\/www.caririemacao.com\/1\/wp-json\/wp\/v2\/media\/164667"}],"wp:attachment":[{"href":"https:\/\/www.caririemacao.com\/1\/wp-json\/wp\/v2\/media?parent=164666"}],"wp:term":[{"taxonomy":"category","embeddable":true,"href":"https:\/\/www.caririemacao.com\/1\/wp-json\/wp\/v2\/categories?post=164666"},{"taxonomy":"post_tag","embeddable":true,"href":"https:\/\/www.caririemacao.com\/1\/wp-json\/wp\/v2\/tags?post=164666"}],"curies":[{"name":"wp","href":"https:\/\/api.w.org\/{rel}","templated":true}]}}