{"id":164669,"date":"2020-04-18T08:14:19","date_gmt":"2020-04-18T11:14:19","guid":{"rendered":"http:\/\/www.caririemacao.com\/1\/?p=164669"},"modified":"2020-04-18T08:14:21","modified_gmt":"2020-04-18T11:14:21","slug":"adolescente-de-17-anos-e-morto-a-facadas-proximo-ao-acude-velho","status":"publish","type":"post","link":"https:\/\/www.caririemacao.com\/1\/2020\/04\/18\/adolescente-de-17-anos-e-morto-a-facadas-proximo-ao-acude-velho\/","title":{"rendered":"Adolescente de 17 anos \u00e9 morto a facadas pr\u00f3ximo ao A\u00e7ude Velho"},"content":{"rendered":"\n<p>Um adolescente de 17 anos foi morto a facadas na madrugada desta quinta-feira (16), em Campina Grande, no Agreste da Para\u00edba. De acordo com a Pol\u00edcia Militar, o crime aconteceu pr\u00f3ximo aos quiosques do A\u00e7ude Velho, ponto tur\u00edstico da cidade.<\/p>\n\n\n\n<p>Segundo informa\u00e7\u00f5es da Pol\u00edcia Militar, o crime aconteceu no in\u00edcio da madrugada. O jovem foi ferido com golpes de faca, n\u00e3o resistiu aos ferimentos e morreu no local.<\/p>\n\n\n\n<p>Ainda conforme a PM, nenhum suspeito foi identificado ou preso e n\u00e3o h\u00e1 informa\u00e7\u00f5es sobre a motiva\u00e7\u00e3o do crime.<\/p>\n","protected":false},"excerpt":{"rendered":"<p>Um adolescente de 17 anos foi morto a facadas na madrugada desta quinta-feira (16), em Campina Grande, no Agreste da Para\u00edba. De acordo com a&hellip; <\/p>\n","protected":false},"author":2,"featured_media":164670,"comment_status":"closed","ping_status":"closed","sticky":false,"template":"","format":"standard","meta":{"sfsi_plus_gutenberg_text_before_share":"","sfsi_plus_gutenberg_show_text_before_share":"","sfsi_plus_gutenberg_icon_type":"","sfsi_plus_gutenberg_icon_alignemt":"","sfsi_plus_gutenburg_max_per_row":"","footnotes":""},"categories":[12],"tags":[],"class_list":["post-164669","post","type-post","status-publish","format-standard","has-post-thumbnail","hentry","category-policia"],"_links":{"self":[{"href":"https:\/\/www.caririemacao.com\/1\/wp-json\/wp\/v2\/posts\/164669","targetHints":{"allow":["GET"]}}],"collection":[{"href":"https:\/\/www.caririemacao.com\/1\/wp-json\/wp\/v2\/posts"}],"about":[{"href":"https:\/\/www.caririemacao.com\/1\/wp-json\/wp\/v2\/types\/post"}],"author":[{"embeddable":true,"href":"https:\/\/www.caririemacao.com\/1\/wp-json\/wp\/v2\/users\/2"}],"replies":[{"embeddable":true,"href":"https:\/\/www.caririemacao.com\/1\/wp-json\/wp\/v2\/comments?post=164669"}],"version-history":[{"count":1,"href":"https:\/\/www.caririemacao.com\/1\/wp-json\/wp\/v2\/posts\/164669\/revisions"}],"predecessor-version":[{"id":164671,"href":"https:\/\/www.caririemacao.com\/1\/wp-json\/wp\/v2\/posts\/164669\/revisions\/164671"}],"wp:featuredmedia":[{"embeddable":true,"href":"https:\/\/www.caririemacao.com\/1\/wp-json\/wp\/v2\/media\/164670"}],"wp:attachment":[{"href":"https:\/\/www.caririemacao.com\/1\/wp-json\/wp\/v2\/media?parent=164669"}],"wp:term":[{"taxonomy":"category","embeddable":true,"href":"https:\/\/www.caririemacao.com\/1\/wp-json\/wp\/v2\/categories?post=164669"},{"taxonomy":"post_tag","embeddable":true,"href":"https:\/\/www.caririemacao.com\/1\/wp-json\/wp\/v2\/tags?post=164669"}],"curies":[{"name":"wp","href":"https:\/\/api.w.org\/{rel}","templated":true}]}}