{"id":164673,"date":"2020-04-18T08:18:51","date_gmt":"2020-04-18T11:18:51","guid":{"rendered":"http:\/\/www.caririemacao.com\/1\/?p=164673"},"modified":"2020-04-18T19:41:53","modified_gmt":"2020-04-18T22:41:53","slug":"prefeitura-de-monteiro-libera-feira-livre-a-partir-desta-sabado-porem-com-restricoes-2","status":"publish","type":"post","link":"https:\/\/www.caririemacao.com\/1\/2020\/04\/18\/prefeitura-de-monteiro-libera-feira-livre-a-partir-desta-sabado-porem-com-restricoes-2\/","title":{"rendered":"Prefeitura de Monteiro libera feira livre a partir desta s\u00e1bado, por\u00e9m, com restri\u00e7\u00f5es"},"content":{"rendered":"\n<p>A prefeita de Monteiro, Anna Lorena, decidiu na tarde desta quinta-feira, 16, liberar o com\u00e9rcio de frutas e verduras no centro da cidade, mas pede que comerciantes colaborem e cumpram as restri\u00e7\u00f5es.<\/p>\n\n\n\n<p>A Prefeitura de Monteiro anunciou o retorno do funcionamento da Feira Livre, a partir deste s\u00e1bado dia 18, para tanto ser\u00e3o tomadas algumas medidas com o intuito de coibir a chegada da doen\u00e7a no munic\u00edpio.<\/p>\n\n\n\n<p>De acordo com as novas normas, as barracas devem ter uma dist\u00e2ncia m\u00ednima de um metro e meio entre elas, e a proibi\u00e7\u00e3o de comerciantes que se enquadrem nos grupos de risco como: gestantes, lactantes, idosos e portadores de doen\u00e7as cr\u00f4nicas.<br>\u201cA decis\u00e3o leva em considera\u00e7\u00e3o as recomenda\u00e7\u00f5es do Minist\u00e9rio da Sa\u00fade e decretos do Governo Estadual. Sabemos das dificuldades da popula\u00e7\u00e3o que consome os produtos e dos pr\u00f3prios comerciantes, mas renovamos o apelo para que todos os cuidados sejam tomados. Temos que ter consci\u00eancia que saindo de casa n\u00e3o nos colocamos somente em risco, mas toda a fam\u00edlia\u201d, disse a prefeita Anna Lorena.<\/p>\n\n\n\n<p>A Secretaria Municipal de Sa\u00fade aconselha que todos sigam ao m\u00e1ximo as recomenda\u00e7\u00f5es abaixo:<\/p>\n\n\n\n<p>FEIRANTES:<\/p>\n\n\n\n<p>Higiene Pessoal:<br>Manter rigoroso asseio individual durante a produ\u00e7\u00e3o e a jornada de trabalho;<br>Utilizar uniformes limpos (blusa ou jaleco, prote\u00e7\u00e3o total para cabelos e cal\u00e7ados fechados);<br>Manter as m\u00e3os sempre limpas, antes do in\u00edcio e durante a jornada de trabalho;<br>Utilizar o \u00e1lcool 70% para reduzir o risco de contamina\u00e7\u00e3o atrav\u00e9s das m\u00e3os;<br>Ao tossir ou espirrar, cobrir o nariz e boca com o bra\u00e7o.<br>Durante o atendimento aos clientes:<br>Em cada banca, dever\u00e1 ter uma pessoa apenas para lidar com dinheiro e outras com os produtos.;<br>Antes e ap\u00f3s a manipula\u00e7\u00e3o de dinheiro ou outros objetos, dever\u00e3o aplicar nas m\u00e3os \u00e1lcool a 70%;<br>Reduzir um tabuleiro para quem possui dois ou mais tabuleiros, mantendo vago o espa\u00e7o do tabuleiro subtra\u00eddo, de forma a permitir maior dist\u00e2ncia entre feirantes e consumidores;<br>Usar m\u00e1scaras faciais durante todo o per\u00edodo de trabalho;<br>Alimentos prontos para consumo somente poder\u00e3o ser comercializados embalados para viagem. N\u00e3o ser\u00e1 permitido consumo no local propiciando aglomera\u00e7\u00f5es;<br>Alertar aos consumidores para n\u00e3o tocarem nos alimentos expostos, superf\u00edcies, utens\u00edlios e equipamentos;<br>Lavar bancas e demais equipamentos com \u00e1gua e detergente neutro, sempre bem enxaguados;<br>Ap\u00f3s lavagem das bancas e equipamentos, borrifar com solu\u00e7\u00e3o clorada (1 colher de sopa de \u00e1gua sanit\u00e1ria para cada litro de \u00e1gua). Deixar secar naturalmente;<br>Manter o ambiente de trabalho rigorosamente limpo e organizado;<br>Conservar limpas todas as superf\u00edcies de contato com alimentos como bancadas, tabuleiros, mesas e demais instrumentos de trabalho;<br>Manter os alimentos protegidos utilizando tampas ou filmes pl\u00e1sticos;<br>Obedecer rigorosamente o hor\u00e1rio estipulado para o funcionamento da feira e adotar comportamento cidad\u00e3o, acondicionando o lixo resultante do seu trabalho em sacos pl\u00e1sticos fechados, diminuindo assim o tempo de trabalho dos garis e consequentemente sua perman\u00eancia em vias p\u00fablicas.<\/p>\n\n\n\n<p>CONSUMIDORES:<br>Compra cidad\u00e3 \u00e9 adquirir apenas o necess\u00e1rio para si e sua fam\u00edlia;<br>Evitar tocar em produtos expostos pelos feirantes ou pessoas pr\u00f3ximas, manter distanciamento social;<br>N\u00e3o leve crian\u00e7as a feira e tente ajudar com as compras de pessoas de risco da sua comunidade;<br>Use m\u00e1scaras todo o tempo que estiver fora de casa. Adote medidas adicionais de limpeza e higiene como por exemplo, roupas e cal\u00e7ados devem ser lavados a cada uso.<br>Em casa, os alimentos comprados devem ser lavados com \u00e1gua e sab\u00e3o, ap\u00f3s devem ser sanitizados com solu\u00e7\u00e3o clorada na propor\u00e7\u00e3o de 01 litro de \u00e1gua para 01 colher de sopa de \u00e1gua sanit\u00e1ria. Deixar os alimentos nesta solu\u00e7\u00e3o por 15 minutos e enxaguar com \u00e1gua corrente. Este procedimento deve ser feito antes de guardar os alimentos nas fruteiras ou geladeira.<\/p>\n","protected":false},"excerpt":{"rendered":"<p>A prefeita de Monteiro, Anna Lorena, decidiu na tarde desta quinta-feira, 16, liberar o com\u00e9rcio de frutas e verduras no centro da cidade, mas pede&hellip; <\/p>\n","protected":false},"author":2,"featured_media":164674,"comment_status":"closed","ping_status":"closed","sticky":false,"template":"","format":"standard","meta":{"sfsi_plus_gutenberg_text_before_share":"","sfsi_plus_gutenberg_show_text_before_share":"","sfsi_plus_gutenberg_icon_type":"","sfsi_plus_gutenberg_icon_alignemt":"","sfsi_plus_gutenburg_max_per_row":"","footnotes":""},"categories":[2],"tags":[],"class_list":["post-164673","post","type-post","status-publish","format-standard","has-post-thumbnail","hentry","category-geral"],"_links":{"self":[{"href":"https:\/\/www.caririemacao.com\/1\/wp-json\/wp\/v2\/posts\/164673","targetHints":{"allow":["GET"]}}],"collection":[{"href":"https:\/\/www.caririemacao.com\/1\/wp-json\/wp\/v2\/posts"}],"about":[{"href":"https:\/\/www.caririemacao.com\/1\/wp-json\/wp\/v2\/types\/post"}],"author":[{"embeddable":true,"href":"https:\/\/www.caririemacao.com\/1\/wp-json\/wp\/v2\/users\/2"}],"replies":[{"embeddable":true,"href":"https:\/\/www.caririemacao.com\/1\/wp-json\/wp\/v2\/comments?post=164673"}],"version-history":[{"count":2,"href":"https:\/\/www.caririemacao.com\/1\/wp-json\/wp\/v2\/posts\/164673\/revisions"}],"predecessor-version":[{"id":164779,"href":"https:\/\/www.caririemacao.com\/1\/wp-json\/wp\/v2\/posts\/164673\/revisions\/164779"}],"wp:featuredmedia":[{"embeddable":true,"href":"https:\/\/www.caririemacao.com\/1\/wp-json\/wp\/v2\/media\/164674"}],"wp:attachment":[{"href":"https:\/\/www.caririemacao.com\/1\/wp-json\/wp\/v2\/media?parent=164673"}],"wp:term":[{"taxonomy":"category","embeddable":true,"href":"https:\/\/www.caririemacao.com\/1\/wp-json\/wp\/v2\/categories?post=164673"},{"taxonomy":"post_tag","embeddable":true,"href":"https:\/\/www.caririemacao.com\/1\/wp-json\/wp\/v2\/tags?post=164673"}],"curies":[{"name":"wp","href":"https:\/\/api.w.org\/{rel}","templated":true}]}}