{"id":164677,"date":"2020-04-18T08:21:37","date_gmt":"2020-04-18T11:21:37","guid":{"rendered":"http:\/\/www.caririemacao.com\/1\/?p=164677"},"modified":"2020-04-18T19:47:53","modified_gmt":"2020-04-18T22:47:53","slug":"bolsonaro-defende-retomada-gradual-das-atividades-no-brasil-2","status":"publish","type":"post","link":"https:\/\/www.caririemacao.com\/1\/2020\/04\/18\/bolsonaro-defende-retomada-gradual-das-atividades-no-brasil-2\/","title":{"rendered":"Bolsonaro defende retomada gradual das atividades no Brasil"},"content":{"rendered":"\n<p>O presidente Jair Bolsonaro disse hoje (16), durante sua&nbsp;<em>live<\/em>&nbsp;semanal no Facebook, que a nova diretriz do Minist\u00e9rio da Sa\u00fade ser\u00e1 pela retomada gradativa do com\u00e9rcio e do fim do isolamento social no pa\u00eds, mas que a decis\u00e3o cabe aos governadores e prefeitos.<\/p>\n\n\n\n<p>\u201cN\u00e3o vai ser de uma hora pra outra, n\u00e3o vai ser um cavalo de pau, mas n\u00f3s entendemos que, paulatinamente, com muita responsabilidade, o Brasil tem que come\u00e7ar a trabalhar. Agora, a decis\u00e3o vai partir muito mais dos governadores e dos prefeitos, porque essa foi a decis\u00e3o do Supremo Tribunal Federal, se n\u00e3o me engano, por unanimidade, no dia de ontem\u201d, disse o presidente.<\/p>\n\n\n\n<p>Na decis\u00e3o citada por ele,&nbsp;<a href=\"https:\/\/agenciabrasil.ebc.com.br\/justica\/noticia\/2020-04\/stf-estados-e-municipios-podem-fazer-acoes-contra-covid-19-sem-uniao\" target=\"_blank\" rel=\"noreferrer noopener\">os ministros da Suprema Corte definiram que estados e munic\u00edpios t\u00eam autonomia<\/a>&nbsp;para tomar as medidas que acharem necess\u00e1rias para combater o novo coronav\u00edrus, como isolamento social, fechamento do com\u00e9rcio e outras restri\u00e7\u00f5es.<\/p>\n\n\n\n<p>Ao lado do novo ministro da Sa\u00fade, Nelson Teich, Bolsonaro voltou a argumentar, durante a<em>&nbsp;live<\/em>, que uma quarentena \u201cr\u00edgida\u201d pode causar problemas irrevers\u00edveis na economia.<\/p>\n\n\n\n<p>\u201cN\u00f3s sabemos que o efeito colateral de uma quarentena muito r\u00edgida, fazendo com que as pessoas mais humildes viessem a perder seu emprego, ou seu ganha-p\u00e3o, no caso da informalidade, poderia ocasionar problemas ser\u00edssimos para o Brasil, a ponto de a economia n\u00e3o se recuperar mais\u201d.<\/p>\n\n\n\n<p>Nelson Teich refor\u00e7ou que o foco a pasta ser\u00e1 no mapeamento do avan\u00e7o na doen\u00e7a do pa\u00eds. \u201cAgora a gente tem que ter um foco muito grande em colher dados sobre qual \u00e9 a preval\u00eancia dessa doen\u00e7a, seja dos infectados, seja dos que [se] curaram e dos que morreram. Quando a gente combinar esses dados, vai ser&nbsp; muito mais f\u00e1cil a gente enxergar o que acontece e tra\u00e7ar pol\u00edticas e a\u00e7\u00f5es\u201d, disse. Um dos objetivos do novo ministro \u00e9 justamente&nbsp;<a href=\"https:\/\/agenciabrasil.ebc.com.br\/saude\/noticia\/2020-04\/novo-ministro-da-saude-defende-testagem-da-populacao-para-covid-19\" target=\"_blank\" rel=\"noreferrer noopener\">deflagrar um programa de&nbsp;<\/a>testagem em massa da popula\u00e7\u00e3o.<\/p>\n\n\n\n<p>Nelson Teich, que \u00e9 m\u00e9dico oncologista,&nbsp;<a href=\"https:\/\/agenciabrasil.ebc.com.br\/saude\/noticia\/2020-04\/mandetta-anuncia-saida-do-ministerio-da-saude\" target=\"_blank\" rel=\"noreferrer noopener\">assume o lugar do ortopedista Luiz Henrique Mandetta<\/a>, que ficou 16 meses \u00e0 frente da pasta.<\/p>\n","protected":false},"excerpt":{"rendered":"<p>O presidente Jair Bolsonaro disse hoje (16), durante sua&nbsp;live&nbsp;semanal no Facebook, que a nova diretriz do Minist\u00e9rio da Sa\u00fade ser\u00e1 pela retomada gradativa do com\u00e9rcio&hellip; <\/p>\n","protected":false},"author":2,"featured_media":164678,"comment_status":"closed","ping_status":"closed","sticky":false,"template":"","format":"standard","meta":{"sfsi_plus_gutenberg_text_before_share":"","sfsi_plus_gutenberg_show_text_before_share":"","sfsi_plus_gutenberg_icon_type":"","sfsi_plus_gutenberg_icon_alignemt":"","sfsi_plus_gutenburg_max_per_row":"","footnotes":""},"categories":[2],"tags":[],"class_list":["post-164677","post","type-post","status-publish","format-standard","has-post-thumbnail","hentry","category-geral"],"_links":{"self":[{"href":"https:\/\/www.caririemacao.com\/1\/wp-json\/wp\/v2\/posts\/164677","targetHints":{"allow":["GET"]}}],"collection":[{"href":"https:\/\/www.caririemacao.com\/1\/wp-json\/wp\/v2\/posts"}],"about":[{"href":"https:\/\/www.caririemacao.com\/1\/wp-json\/wp\/v2\/types\/post"}],"author":[{"embeddable":true,"href":"https:\/\/www.caririemacao.com\/1\/wp-json\/wp\/v2\/users\/2"}],"replies":[{"embeddable":true,"href":"https:\/\/www.caririemacao.com\/1\/wp-json\/wp\/v2\/comments?post=164677"}],"version-history":[{"count":2,"href":"https:\/\/www.caririemacao.com\/1\/wp-json\/wp\/v2\/posts\/164677\/revisions"}],"predecessor-version":[{"id":164780,"href":"https:\/\/www.caririemacao.com\/1\/wp-json\/wp\/v2\/posts\/164677\/revisions\/164780"}],"wp:featuredmedia":[{"embeddable":true,"href":"https:\/\/www.caririemacao.com\/1\/wp-json\/wp\/v2\/media\/164678"}],"wp:attachment":[{"href":"https:\/\/www.caririemacao.com\/1\/wp-json\/wp\/v2\/media?parent=164677"}],"wp:term":[{"taxonomy":"category","embeddable":true,"href":"https:\/\/www.caririemacao.com\/1\/wp-json\/wp\/v2\/categories?post=164677"},{"taxonomy":"post_tag","embeddable":true,"href":"https:\/\/www.caririemacao.com\/1\/wp-json\/wp\/v2\/tags?post=164677"}],"curies":[{"name":"wp","href":"https:\/\/api.w.org\/{rel}","templated":true}]}}