{"id":164689,"date":"2020-04-18T09:00:11","date_gmt":"2020-04-18T12:00:11","guid":{"rendered":"http:\/\/www.caririemacao.com\/1\/?p=164689"},"modified":"2020-04-18T09:00:13","modified_gmt":"2020-04-18T12:00:13","slug":"prefeita-anna-lorena-decreta-ponto-facultativo-na-segunda-20-vespera-do-feriado","status":"publish","type":"post","link":"https:\/\/www.caririemacao.com\/1\/2020\/04\/18\/prefeita-anna-lorena-decreta-ponto-facultativo-na-segunda-20-vespera-do-feriado\/","title":{"rendered":"Prefeita Anna Lorena decreta ponto facultativo na segunda (20) v\u00e9spera do feriado"},"content":{"rendered":"\n<p>A prefeita de Monteiro, Anna Lorena, decretou ponto facultativo para a pr\u00f3xima segunda-feira, (20), data que antecede o feriado de Tiradentes, comemorado em 21 de abril.<\/p>\n\n\n\n<p>Com esta medida, segundo o Decreto N.1.558, espera-se o cumprimento, por parte da popula\u00e7\u00e3o, do isolamento social, evitando a circula\u00e7\u00e3o pela cidade, buscando dessa forma, reduzir ao m\u00e1ximo poss\u00edvel, a dissemina\u00e7\u00e3o do covid-19.<\/p>\n\n\n\n<p>\u201cEntendemos que o isolamento social \u00e9 a arma mais eficaz para combater o avan\u00e7o do novo coronav\u00edrus. Percebemos que parte da popula\u00e7\u00e3o tem oferecido resist\u00eancia ao recolhimento domiciliar e esta \u00e9 uma das principais formas de evitar um poss\u00edvel cont\u00e1gio. Portanto, esperamos a colabora\u00e7\u00e3o de todos\u201d, disse a prefeita.<\/p>\n\n\n\n<p>Dessa forma, fica facultado, aos servidores da administra\u00e7\u00e3o p\u00fablica municipal direta e indireta, o registro da frequ\u00eancia no dia 20 de abril, ressalvados os servi\u00e7os essenciais e de interesse p\u00fablico prestados pelo munic\u00edpio \u00e0 popula\u00e7\u00e3o, que dever\u00e3o ser realizados normalmente como \u00e1rea da sa\u00fade e limpeza urbana, matadouro e servi\u00e7os funer\u00e1rios e outros que funcionem em regime de rod\u00edzio ou plant\u00e3o<\/p>\n","protected":false},"excerpt":{"rendered":"<p>A prefeita de Monteiro, Anna Lorena, decretou ponto facultativo para a pr\u00f3xima segunda-feira, (20), data que antecede o feriado de Tiradentes, comemorado em 21 de&hellip; <\/p>\n","protected":false},"author":2,"featured_media":162862,"comment_status":"closed","ping_status":"closed","sticky":false,"template":"","format":"standard","meta":{"sfsi_plus_gutenberg_text_before_share":"","sfsi_plus_gutenberg_show_text_before_share":"","sfsi_plus_gutenberg_icon_type":"","sfsi_plus_gutenberg_icon_alignemt":"","sfsi_plus_gutenburg_max_per_row":"","footnotes":""},"categories":[6,50],"tags":[],"class_list":["post-164689","post","type-post","status-publish","format-standard","has-post-thumbnail","hentry","category-cidades","category-destaque"],"_links":{"self":[{"href":"https:\/\/www.caririemacao.com\/1\/wp-json\/wp\/v2\/posts\/164689","targetHints":{"allow":["GET"]}}],"collection":[{"href":"https:\/\/www.caririemacao.com\/1\/wp-json\/wp\/v2\/posts"}],"about":[{"href":"https:\/\/www.caririemacao.com\/1\/wp-json\/wp\/v2\/types\/post"}],"author":[{"embeddable":true,"href":"https:\/\/www.caririemacao.com\/1\/wp-json\/wp\/v2\/users\/2"}],"replies":[{"embeddable":true,"href":"https:\/\/www.caririemacao.com\/1\/wp-json\/wp\/v2\/comments?post=164689"}],"version-history":[{"count":1,"href":"https:\/\/www.caririemacao.com\/1\/wp-json\/wp\/v2\/posts\/164689\/revisions"}],"predecessor-version":[{"id":164690,"href":"https:\/\/www.caririemacao.com\/1\/wp-json\/wp\/v2\/posts\/164689\/revisions\/164690"}],"wp:featuredmedia":[{"embeddable":true,"href":"https:\/\/www.caririemacao.com\/1\/wp-json\/wp\/v2\/media\/162862"}],"wp:attachment":[{"href":"https:\/\/www.caririemacao.com\/1\/wp-json\/wp\/v2\/media?parent=164689"}],"wp:term":[{"taxonomy":"category","embeddable":true,"href":"https:\/\/www.caririemacao.com\/1\/wp-json\/wp\/v2\/categories?post=164689"},{"taxonomy":"post_tag","embeddable":true,"href":"https:\/\/www.caririemacao.com\/1\/wp-json\/wp\/v2\/tags?post=164689"}],"curies":[{"name":"wp","href":"https:\/\/api.w.org\/{rel}","templated":true}]}}