{"id":164695,"date":"2020-04-18T09:23:14","date_gmt":"2020-04-18T12:23:14","guid":{"rendered":"http:\/\/www.caririemacao.com\/1\/?p=164695"},"modified":"2020-04-18T09:23:15","modified_gmt":"2020-04-18T12:23:15","slug":"coronavirus-ja-pressiona-sistema-de-saude-de-4-capitais","status":"publish","type":"post","link":"https:\/\/www.caririemacao.com\/1\/2020\/04\/18\/coronavirus-ja-pressiona-sistema-de-saude-de-4-capitais\/","title":{"rendered":"Coronav\u00edrus j\u00e1 pressiona sistema de sa\u00fade de 4 capitais"},"content":{"rendered":"\n<p><strong>Lota\u00e7\u00e3o nos leitos<\/strong>&nbsp;<strong>da Unidade de Terapia Intensiva<\/strong>&nbsp;(UTI) de hospitais, caminh\u00e3o&nbsp;<strong>frigor\u00edfico para armazenar corpos<\/strong>, aumento abrupto do n\u00famero de&nbsp;<strong>pacientes que dependem de respira\u00e7\u00e3o mec\u00e2nica<\/strong>,&nbsp;<strong>fila<\/strong>&nbsp;<strong>de espera<\/strong>&nbsp;nos servi\u00e7os de&nbsp;<strong>emerg\u00eancia<\/strong>.<\/p>\n\n\n\n<p>O avan\u00e7o da pandemia de coronav\u00edrus (Sars-CoV-2) nos \u00faltimos dias intensificou a press\u00e3o sobre o sistema de sa\u00fade de capitais pelo pa\u00eds. A situa\u00e7\u00e3o agravou-se, sobretudo, naquelas que concentram o maior n\u00famero de mortos pela doen\u00e7a Covid-19 (<a href=\"https:\/\/especiais.g1.globo.com\/bemestar\/coronavirus\/mapa-coronavirus\/?_ga=2.266832523.484647863.1586884302-280e6eea-70c5-ccda-61e4-ea749ad78405#\/\" target=\"_blank\" rel=\"noreferrer noopener\">veja mapa exclusivo de todas as cidades que registraram mortes<\/a>):<\/p>\n\n\n\n<ul class=\"wp-block-list\"><li><a href=\"https:\/\/g1.globo.com\/sp\/sao-paulo\/\">S\u00e3o Paulo<\/a>&nbsp;(mais de 600 mortes confirmadas) \u2013 nesta sexta-feira (17), ao menos&nbsp;<a href=\"https:\/\/g1.globo.com\/sp\/sao-paulo\/noticia\/2020\/04\/17\/leitos-de-uti-do-emilio-ribas-estao-100percent-ocupados-por-pacientes-com-coronavirus-hospital-recebe-100-novas-solicitacoes-por-dia.ghtml\">cinco hospitais operavam com a capacidade total<\/a>&nbsp;de atendimento nas UTIs,&nbsp;<strong>sendo um deles o Em\u00edlio Ribas<\/strong>, refer\u00eancia no tratamento de doen\u00e7as infectocontagiosas;<\/li><li><a href=\"https:\/\/g1.globo.com\/rj\/rio-de-janeiro\/\">Rio<\/a>&nbsp;(mais de 220 mortes) \u2013 as&nbsp;<a href=\"https:\/\/g1.globo.com\/rj\/rio-de-janeiro\/noticia\/2020\/04\/17\/principais-emergencias-do-rio-nao-tem-mais-vagas-de-uti-disponiveis.ghtml\">quatro principais emerg\u00eancias do Rio n\u00e3o t\u00eam mais vaga<\/a>s de UTI dispon\u00edveis;<\/li><li><a href=\"https:\/\/g1.globo.com\/am\/amazonas\/cidade\/manaus\/\">Manaus<\/a>&nbsp;(mais de 120 mortes) \u2013 diante da falta de espa\u00e7o para armazenar corpos de pacientes que morreram em um hospital da cidade,&nbsp;<a href=\"https:\/\/g1.globo.com\/am\/amazonas\/noticia\/2020\/04\/17\/apos-video-de-corpos-ao-lado-de-internados-hospital-de-manaus-recebe-camara-frigorifica-para-vitimas-de-covid-19.ghtml\">um cont\u00eainer frigor\u00edfico foi instalado para armazenar cad\u00e1veres<\/a>;<\/li><li><a href=\"https:\/\/g1.globo.com\/ce\/ceara\/cidade\/fortaleza\/\">Fortaleza<\/a>&nbsp;(mais de 110 mortes)\u2013 entre segunda-feira (13) e ter\u00e7a-feira (14), no per\u00edodo de 24 horas, aumentou de 38 para 73 o n\u00famero de interna\u00e7\u00f5es por Covid-19 em UTIs;&nbsp;<a href=\"https:\/\/g1.globo.com\/ce\/ceara\/noticia\/2020\/04\/15\/internacoes-por-coronavirus-em-utis-e-pacientes-com-ventilacao-mecanica-em-fortaleza-quase-dobram-em-24-horas.ghtml\">tamb\u00e9m dobraram as interna\u00e7\u00f5es com uso de ventila\u00e7\u00e3o mec\u00e2nica<\/a>.<\/li><\/ul>\n\n\n\n<p>Al\u00e9m disso, diante do o crescimento vertiginoso dos casos no Maranh\u00e3o, a rede p\u00fablica de&nbsp;<a href=\"https:\/\/g1.globo.com\/ma\/maranhao\/cidade\/sao-luis\/\">S\u00e3o Lu\u00eds<\/a>&nbsp;tem&nbsp;<a href=\"https:\/\/g1.globo.com\/ma\/maranhao\/noticia\/2020\/04\/17\/sao-luis-tem-90percent-dos-leitos-clinicos-do-sus-na-rede-estadual-ocupados.ghtml\">ocupa\u00e7\u00e3o de 90% dos leitos<\/a>&nbsp;cl\u00ednicos exclusivos para Covid-19.<\/p>\n\n\n\n<p>O&nbsp;<a href=\"https:\/\/g1.globo.com\/bemestar\/coronavirus\/noticia\/2020\/04\/17\/brasil-tem-2141-mortes-e-33682-casos-de-coronavirus-diz-ministerio.ghtml\">balan\u00e7o mais recente<\/a>&nbsp;sobre os casos de coronav\u00edrus no Brasil divulgado pelo&nbsp;<a href=\"https:\/\/g1.globo.com\/tudo-sobre\/ministerio-da-saude\/\">Minist\u00e9rio da Sa\u00fade<\/a>&nbsp;mostrou os seguintes dados:<\/p>\n\n\n\n<ul class=\"wp-block-list\"><li><strong>2.141 mortes<\/strong>\u00a0\u2013 na quinta eram 1.924 (aumento de 11,2%)<\/li><li><strong>33.682 casos<\/strong>\u00a0\u2013 na quinta eram 30.425 (aumento de 10,7%)<\/li><li><strong>em sete dias<\/strong>, foram registradas\u00a0<strong>1.024 mortes adicionais<\/strong>\u00a0(aumento de 90,4%)<\/li><\/ul>\n\n\n\n<h2 class=\"wp-block-heading\">S\u00e3o Paulo<\/h2>\n\n\n\n<p>&#8211;:&#8211;\/&#8211;:&#8211;<\/p>\n\n\n\n<figure class=\"wp-block-image\"><img decoding=\"async\" data-src=\"https:\/\/s03.video.glbimg.com\/x720\/8489986.jpg\" alt=\"Cinco hospitais p\u00fablicos de SP atingem a capacidade m\u00e1xima de atendimento\" src=\"data:image\/svg+xml;base64,PHN2ZyB3aWR0aD0iMSIgaGVpZ2h0PSIxIiB4bWxucz0iaHR0cDovL3d3dy53My5vcmcvMjAwMC9zdmciPjwvc3ZnPg==\" class=\"lazyload\" \/><\/figure>\n\n\n\n<p>Cinco hospitais p\u00fablicos de SP atingem a capacidade m\u00e1xima de atendimento<\/p>\n\n\n\n<p>Nesta sexta, S\u00e3o Paulo tinha cinco hospitais operando com a capacidade total de atendimento nas UTIs. Uma dessas unidades \u00e9 o Em\u00edlio Ribas, refer\u00eancia no tratamento de doen\u00e7as infectocontagiosas.<\/p>\n\n\n\n<blockquote class=\"wp-block-quote is-layout-flow wp-block-quote-is-layout-flow\"><p>O hospital est\u00e1 com 100% dos leitos ocupados e, mesmo assim, recebe mais de 100 solicita\u00e7\u00f5es de interna\u00e7\u00f5es por dia. Os leitos do Em\u00edlio Ribas s\u00e3o ocupados por pacientes que t\u00eam entre 22 e 78 anos \u2013 a maior parte deles tem mais de 65.<\/p><\/blockquote>\n\n\n\n<p>&#8211;:&#8211;\/&#8211;:&#8211;<\/p>\n\n\n\n<figure class=\"wp-block-image\"><img decoding=\"async\" data-src=\"https:\/\/s01.video.glbimg.com\/x720\/8490372.jpg\" alt=\"Jornal Hoje entra com exclusividade em uma UTI, seguindo recomenda\u00e7\u00f5es de seguran\u00e7a\" src=\"data:image\/svg+xml;base64,PHN2ZyB3aWR0aD0iMSIgaGVpZ2h0PSIxIiB4bWxucz0iaHR0cDovL3d3dy53My5vcmcvMjAwMC9zdmciPjwvc3ZnPg==\" class=\"lazyload\" \/><\/figure>\n\n\n\n<p>Jornal Hoje entra com exclusividade em uma UTI, seguindo recomenda\u00e7\u00f5es de seguran\u00e7a<\/p>\n\n\n\n<p>O comando da UTI do Em\u00edlio Ribas \u00e9 do m\u00e9dico intensivista Jacques Sztajnbok, que acumula quase tr\u00eas d\u00e9cadas de hospital. Ele j\u00e1 enfrentou outras epidemias, como a do sarampo, febre amarela e H1N1, mas diz que a crise do coronav\u00edrus \u00e9 diferente.<\/p>\n\n\n\n<blockquote class=\"wp-block-quote is-layout-flow wp-block-quote-is-layout-flow\"><p>Segundo Sztajnbok, com as UTIs lotadas, surge vaga apenas quando algu\u00e9m tem alta ou morre. Ele diz ficar preocupado com o destino dos pacientes recusados pelo hospital: &#8220;\u00c9 claro [a situa\u00e7\u00e3o desses pacientes] nos toca, porque fica aquela preocupa\u00e7\u00e3o sobre que destino teve o paciente a gente disse n\u00e3o&#8221;.<\/p><\/blockquote>\n\n\n\n<p>J\u00e1 na Zona Leste de S\u00e3o Paulo,&nbsp;<a href=\"https:\/\/g1.globo.com\/sp\/sao-paulo\/noticia\/2020\/04\/17\/quatro-hospitais-municipais-na-zona-leste-de-sp-tem-100percent-de-ocupacao-na-uti.ghtml\">quatro hospitais municipais est\u00e3o sem vagas nas UTIs<\/a>&nbsp;para casos graves: Tide Set\u00fabal, Cidade Tiradentes, Ermelino Matarazzo e Doutor In\u00e1cio Proen\u00e7a de Gouveia.&#8211;:&#8211;\/&#8211;:&#8211;<\/p>\n\n\n\n<figure class=\"wp-block-image\"><img decoding=\"async\" data-src=\"https:\/\/s02.video.glbimg.com\/x720\/8488897.jpg\" alt=\"Quatro hospitais da Zona Leste atingem 100% da capacidade das UTIs\" src=\"data:image\/svg+xml;base64,PHN2ZyB3aWR0aD0iMSIgaGVpZ2h0PSIxIiB4bWxucz0iaHR0cDovL3d3dy53My5vcmcvMjAwMC9zdmciPjwvc3ZnPg==\" class=\"lazyload\" \/><\/figure>\n\n\n\n<p>Quatro hospitais da Zona Leste atingem 100% da capacidade das UTIs<\/p>\n\n\n\n<p><strong>No Hospital das Cl\u00ednicas<\/strong>, que \u00e9 ligado \u00e0 Faculdade de Medicina da Universidade de S\u00e3o Paulo,&nbsp;<strong>mais de 80% das vagas de UTI<\/strong>&nbsp;tamb\u00e9m j\u00e1 est\u00e3o ocupadas.<\/p>\n\n\n\n<p>O governo do estado diz que tem um sistema para aproveitar melhor as vagas e que pacientes da capital podem ser transferidos para o interior. A Secretaria de Sa\u00fade tamb\u00e9m estuda como usar vagas dos hospitais particulares para atender pacientes do SUS.&#8211;:&#8211;\/&#8211;:&#8211;<\/p>\n\n\n\n<figure class=\"wp-block-image\"><img decoding=\"async\" data-src=\"https:\/\/s03.video.glbimg.com\/x720\/8485770.jpg\" alt=\"UTIs de hospitais p\u00fablicos est\u00e3o lotadas em S\u00e3o Paulo\" src=\"data:image\/svg+xml;base64,PHN2ZyB3aWR0aD0iMSIgaGVpZ2h0PSIxIiB4bWxucz0iaHR0cDovL3d3dy53My5vcmcvMjAwMC9zdmciPjwvc3ZnPg==\" class=\"lazyload\" \/><\/figure>\n\n\n\n<p>UTIs de hospitais p\u00fablicos est\u00e3o lotadas em S\u00e3o Paulo<\/p>\n\n\n\n<h2 class=\"wp-block-heading\">Rio<\/h2>\n\n\n\n<p>&#8211;:&#8211;\/&#8211;:&#8211;<\/p>\n\n\n\n<figure class=\"wp-block-image\"><img decoding=\"async\" data-src=\"https:\/\/s01.video.glbimg.com\/x720\/8489416.jpg\" alt=\"Quatro principais emerg\u00eancias do Rio n\u00e3o t\u00eam mais vagas de UTI\" src=\"data:image\/svg+xml;base64,PHN2ZyB3aWR0aD0iMSIgaGVpZ2h0PSIxIiB4bWxucz0iaHR0cDovL3d3dy53My5vcmcvMjAwMC9zdmciPjwvc3ZnPg==\" class=\"lazyload\" \/><\/figure>\n\n\n\n<p>Quatro principais emerg\u00eancias do Rio n\u00e3o t\u00eam mais vagas de UTI<\/p>\n\n\n\n<p><strong>As principais emerg\u00eancias do Rio n\u00e3o t\u00eam vagas dispon\u00edveis<\/strong>. Os hospitais&nbsp;<strong>Albert Schweitzer<\/strong>,&nbsp;<strong>Salgado Filho<\/strong>,&nbsp;<strong>Souza Aguiar<\/strong>&nbsp;e&nbsp;<strong>Miguel Couto<\/strong>&nbsp;est\u00e3o com&nbsp;<strong>117 leitos de UTI ocupados<\/strong>.<\/p>\n\n\n\n<p>No hospital&nbsp;<strong>Ronaldo Gazolla<\/strong>, refer\u00eancia no combate \u00e0 Covid-19, dos 55 leitos dispon\u00edveis, s\u00f3 dois est\u00e3o livres, \u2013 mas poder\u00e3o ser ocupados apenas por quem j\u00e1 estiver na unidade.<\/p>\n\n\n\n<p>Nesta quinta-feira (16), a ocupa\u00e7\u00e3o do hospital j\u00e1 havia superado 90%. A prefeitura prometeu inaugurar mais dez leitos de UTI ainda nesta sexta.<\/p>\n\n\n\n<p>Nos hospitais Carlos Chagas e Get\u00falio Vargas, da rede estadual, a situa\u00e7\u00e3o \u00e9 ainda pior. Todos os leitos est\u00e3o ocupados.<\/p>\n\n\n\n<p>O quadro se repete no&nbsp;<strong>Instituto do C\u00e9rebro<\/strong>&nbsp;e no&nbsp;<strong>hospital de Anchieta<\/strong>, na Zona Norte da cidade: s\u00e3o mais 81 vagas ocupadas.<\/p>\n\n\n\n<p>No hospital&nbsp;<strong>Universit\u00e1rio Pedro Ernesto<\/strong>, apenas&nbsp;<strong>quatro dos 19 leitos est\u00e3o dispon\u00edveis<\/strong>. Assim como no hospital Ronaldo Gazolla, s\u00f3 poder\u00e3o ser ocupados por quem j\u00e1 est\u00e1 na unidade.<\/p>\n\n\n\n<h2 class=\"wp-block-heading\">Manaus<\/h2>\n\n\n\n<p>00:00\/03:38<\/p>\n\n\n\n<figure class=\"wp-block-image\"><img decoding=\"async\" data-src=\"https:\/\/s01.video.glbimg.com\/x720\/8488668.jpg\" alt=\"V\u00eddeo mostra corpos de pacientes com suspeita de Covid-19 ao lado de internados no AM\" src=\"data:image\/svg+xml;base64,PHN2ZyB3aWR0aD0iMSIgaGVpZ2h0PSIxIiB4bWxucz0iaHR0cDovL3d3dy53My5vcmcvMjAwMC9zdmciPjwvc3ZnPg==\" class=\"lazyload\" \/><\/figure>\n\n\n\n<p>V\u00eddeo mostra corpos de pacientes com suspeita de Covid-19 ao lado de internados no AM<\/p>\n\n\n\n<p>Depois que um v\u00eddeo&nbsp;<a href=\"https:\/\/g1.globo.com\/am\/amazonas\/noticia\/2020\/04\/16\/video-mostra-corpos-de-pacientes-com-suspeita-de-covid-19-ao-lado-de-internados-em-hospital-do-am.ghtml\">mostrou nesta quinta corpos de mortos com suspeita de Covid-19 espalhados por macas<\/a>&nbsp;ao lado de pacientes vivos e internados no Hospital e Pronto-Socorro Jo\u00e3o L\u00facio, em Manaus,&nbsp;<a href=\"https:\/\/g1.globo.com\/am\/amazonas\/noticia\/2020\/04\/17\/apos-video-de-corpos-ao-lado-de-internados-hospital-de-manaus-recebe-camara-frigorifica-para-vitimas-de-covid-19.ghtml\">um cont\u00eainer frigor\u00edfico foi instalado no local<\/a>&nbsp;na madrugada desta sexta-feira (17).<\/p>\n\n\n\n<blockquote class=\"wp-block-quote is-layout-flow wp-block-quote-is-layout-flow\"><p>O objetivo \u00e9 dar apoio na estrutura de armazenagem cad\u00e1veres na unidade de sa\u00fade, que sofre com falta de espa\u00e7o. O Governo do Amazonas diz que a c\u00e2mara vai acondicionar corpos de mortos por Covid-19.<\/p><\/blockquote>\n\n\n\n<p>Por volta das 10h30 desta sexta, a Secretaria de Comunica\u00e7\u00e3o (Secom-AM) informou que todos os corpos j\u00e1 haviam sido retirados do hospital.&nbsp;<strong>Oito deles foram colocados dentro da c\u00e2mara fria<\/strong>.<\/p>\n\n\n\n<figure class=\"wp-block-image\"><img decoding=\"async\" data-src=\"https:\/\/s2.glbimg.com\/gG5UeF5GZA4tqijfjZoltEPSwzg=\/0x0:1280x960\/984x0\/smart\/filters:strip_icc()\/i.s3.glbimg.com\/v1\/AUTH_59edd422c0c84a879bd37670ae4f538a\/internal_photos\/bs\/2020\/a\/0\/69w0rNT42BOfKofGsBrQ\/whatsapp-image-2020-04-17-at-11.29.05.jpeg\" alt=\"Funer\u00e1ria fazia remo\u00e7\u00e3o de corpos de c\u00e2mara frigor\u00edfica instalada no HPS Jo\u00e3o L\u00facio na manh\u00e3 desta sexta-feira (17 \u2014 Foto: Carolina Diniz\/G1AM\" src=\"data:image\/svg+xml;base64,PHN2ZyB3aWR0aD0iMSIgaGVpZ2h0PSIxIiB4bWxucz0iaHR0cDovL3d3dy53My5vcmcvMjAwMC9zdmciPjwvc3ZnPg==\" class=\"lazyload\" \/><\/figure>\n\n\n\n<p>Funer\u00e1ria fazia remo\u00e7\u00e3o de corpos de c\u00e2mara frigor\u00edfica instalada no HPS Jo\u00e3o L\u00facio na manh\u00e3 desta sexta-feira (17 \u2014 Foto: Carolina Diniz\/G1AM<\/p>\n\n\n\n<p>O Jo\u00e3o L\u00facio n\u00e3o foi o primeiro hospital a receber a instala\u00e7\u00e3o de c\u00e2mara frigor\u00edfica. O Hospital Delphina Aziz, centro de refer\u00eancia para tratamento do coronav\u00edrus em Manaus,&nbsp;<a href=\"https:\/\/g1.globo.com\/am\/amazonas\/noticia\/2020\/04\/04\/hospital-no-am-instala-container-frigorifico-para-necroterio-provisorio-apos-obitos-da-covid-19.ghtml\">instalou uma c\u00e2mara no estacionamento no in\u00edcio do&nbsp;<\/a>m\u00eas. \u00c0 \u00e9poca, o Amazonas ainda tinha 12 mortes confirmadas.<\/p>\n\n\n\n<h2 class=\"wp-block-heading\">Fortaleza<\/h2>\n\n\n\n<p>Entre segunda e ter\u00e7a-feira desta semana, aumentou de 38 para 73 o n\u00famero de interna\u00e7\u00f5es em UTIs por causa da Covid-19 em Fortaleza. Isso representou um&nbsp;<strong>aumento de 92,1% no total de hospitaliza\u00e7\u00f5es<\/strong>, de acordo com informa\u00e7\u00f5es da Secretaria Estadual da Sa\u00fade (Sesa).<\/p>\n\n\n\n<blockquote class=\"wp-block-quote is-layout-flow wp-block-quote-is-layout-flow\"><p>Tamb\u00e9m passaram de 31 para 61 as interna\u00e7\u00f5es com uso de ventila\u00e7\u00e3o mec\u00e2nica, medida de aux\u00edlio respirat\u00f3rio aplicada em casos mais graves. O crescimento foi de 96,8%.<\/p><\/blockquote>\n\n\n\n<p>O n\u00famero de interna\u00e7\u00f5es por casos suspeitos da Covid-19 em Fortaleza tamb\u00e9m teve aumento. Nas UTIs, passaram de 36 para 56, um acr\u00e9scimo de 55,6%. Em rela\u00e7\u00e3o a pacientes com ventila\u00e7\u00e3o mec\u00e2nica, subiram de 29 para 46, incremento de 58,6%.<\/p>\n\n\n\n<blockquote class=\"wp-block-quote is-layout-flow wp-block-quote-is-layout-flow\"><p>Al\u00e9m disso, o Cear\u00e1 atingiu nesta quinta-feira 100% da capacidade das UTIs exclusivas para tratamento da Covid-19 na rede p\u00fablica.<\/p><\/blockquote>\n\n\n\n<p>A secret\u00e1ria executiva de Vigil\u00e2ncia e Regula\u00e7\u00e3o da Sesa, Magda Almeida, afirmou que&nbsp;<a href=\"https:\/\/g1.globo.com\/ce\/ceara\/noticia\/2020\/04\/16\/ceara-ocupa-100percent-dos-leitos-de-uti-para-coronavirus-e-fila-de-espera-ja-chega-a-48-pacientes.ghtml\">o estado tem pacientes na fila de espera por uma vaga<\/a>.<\/p>\n\n\n\n<h2 class=\"wp-block-heading\">Situa\u00e7\u00e3o nos estados<\/h2>\n\n\n\n<p>Os estados com mais mortes confirmadas s\u00e3o:<\/p>\n\n\n\n<ul class=\"wp-block-list\"><li>S\u00e3o Paulo (928)<\/li><li>Rio de Janeiro (341)<\/li><li>Pernambuco (186)<\/li><li>Cear\u00e1 (149)<\/li><li>Amazonas (145)<\/li><\/ul>\n\n\n\n<figure class=\"wp-block-image size-large\"><img fetchpriority=\"high\" decoding=\"async\" width=\"345\" height=\"1024\" src=\"http:\/\/www.caririemacao.com\/1\/wp-content\/uploads\/2020\/04\/mapa-brasil-casos-coronavirus-17-abr-345x1024.jpeg\" alt=\"\" class=\"wp-image-164697\" srcset=\"https:\/\/www.caririemacao.com\/1\/wp-content\/uploads\/2020\/04\/mapa-brasil-casos-coronavirus-17-abr-345x1024.jpeg 345w, https:\/\/www.caririemacao.com\/1\/wp-content\/uploads\/2020\/04\/mapa-brasil-casos-coronavirus-17-abr-101x300.jpeg 101w, https:\/\/www.caririemacao.com\/1\/wp-content\/uploads\/2020\/04\/mapa-brasil-casos-coronavirus-17-abr-768x2279.jpeg 768w, https:\/\/www.caririemacao.com\/1\/wp-content\/uploads\/2020\/04\/mapa-brasil-casos-coronavirus-17-abr-518x1536.jpeg 518w, https:\/\/www.caririemacao.com\/1\/wp-content\/uploads\/2020\/04\/mapa-brasil-casos-coronavirus-17-abr-690x2048.jpeg 690w, https:\/\/www.caririemacao.com\/1\/wp-content\/uploads\/2020\/04\/mapa-brasil-casos-coronavirus-17-abr-scaled.jpeg 863w\" sizes=\"(max-width: 345px) 100vw, 345px\" \/><\/figure>\n","protected":false},"excerpt":{"rendered":"<p>Lota\u00e7\u00e3o nos leitos&nbsp;da Unidade de Terapia Intensiva&nbsp;(UTI) de hospitais, caminh\u00e3o&nbsp;frigor\u00edfico para armazenar corpos, aumento abrupto do n\u00famero de&nbsp;pacientes que dependem de respira\u00e7\u00e3o mec\u00e2nica,&nbsp;fila&nbsp;de espera&nbsp;nos servi\u00e7os&hellip; <\/p>\n","protected":false},"author":1,"featured_media":161998,"comment_status":"closed","ping_status":"closed","sticky":false,"template":"","format":"standard","meta":{"sfsi_plus_gutenberg_text_before_share":"","sfsi_plus_gutenberg_show_text_before_share":"","sfsi_plus_gutenberg_icon_type":"","sfsi_plus_gutenberg_icon_alignemt":"","sfsi_plus_gutenburg_max_per_row":"","footnotes":""},"categories":[50,16],"tags":[],"class_list":["post-164695","post","type-post","status-publish","format-standard","has-post-thumbnail","hentry","category-destaque","category-saude"],"_links":{"self":[{"href":"https:\/\/www.caririemacao.com\/1\/wp-json\/wp\/v2\/posts\/164695","targetHints":{"allow":["GET"]}}],"collection":[{"href":"https:\/\/www.caririemacao.com\/1\/wp-json\/wp\/v2\/posts"}],"about":[{"href":"https:\/\/www.caririemacao.com\/1\/wp-json\/wp\/v2\/types\/post"}],"author":[{"embeddable":true,"href":"https:\/\/www.caririemacao.com\/1\/wp-json\/wp\/v2\/users\/1"}],"replies":[{"embeddable":true,"href":"https:\/\/www.caririemacao.com\/1\/wp-json\/wp\/v2\/comments?post=164695"}],"version-history":[{"count":1,"href":"https:\/\/www.caririemacao.com\/1\/wp-json\/wp\/v2\/posts\/164695\/revisions"}],"predecessor-version":[{"id":164698,"href":"https:\/\/www.caririemacao.com\/1\/wp-json\/wp\/v2\/posts\/164695\/revisions\/164698"}],"wp:featuredmedia":[{"embeddable":true,"href":"https:\/\/www.caririemacao.com\/1\/wp-json\/wp\/v2\/media\/161998"}],"wp:attachment":[{"href":"https:\/\/www.caririemacao.com\/1\/wp-json\/wp\/v2\/media?parent=164695"}],"wp:term":[{"taxonomy":"category","embeddable":true,"href":"https:\/\/www.caririemacao.com\/1\/wp-json\/wp\/v2\/categories?post=164695"},{"taxonomy":"post_tag","embeddable":true,"href":"https:\/\/www.caririemacao.com\/1\/wp-json\/wp\/v2\/tags?post=164695"}],"curies":[{"name":"wp","href":"https:\/\/api.w.org\/{rel}","templated":true}]}}