{"id":164703,"date":"2020-04-18T11:00:01","date_gmt":"2020-04-18T14:00:01","guid":{"rendered":"http:\/\/www.caririemacao.com\/1\/?p=164703"},"modified":"2020-04-18T11:05:28","modified_gmt":"2020-04-18T14:05:28","slug":"cariri-ocidental-e-beneficiado-atraves-de-acoes-da-a-5a-gerencia-regional-de-saude","status":"publish","type":"post","link":"https:\/\/www.caririemacao.com\/1\/2020\/04\/18\/cariri-ocidental-e-beneficiado-atraves-de-acoes-da-a-5a-gerencia-regional-de-saude\/","title":{"rendered":"Cariri ocidental \u00e9 beneficiado atrav\u00e9s de a\u00e7\u00f5es da A 5\u00aa Ger\u00eancia Regional de Sa\u00fade"},"content":{"rendered":"\n<p>Cidades como Monteiro, Sum\u00e9, Tapero\u00e1, Serra Branca, Livramento, Camala\u00fa, Congo, S\u00e3o Jo\u00e3o do Tigre, S\u00e3o Jos\u00e9 dos Cordeiros, Prata, Assun\u00e7\u00e3o, S\u00e3o Sebasti\u00e3o do Umbuzeiro, Ouro Velho, Amparo, Zabel\u00ea, Coxixola e Parari receber\u00e3o insumos para o trabalho contra o coronav\u00edrus ap\u00f3s a solicita\u00e7\u00e3o atrav\u00e9s da 5\u00aa Ger\u00eancia Regional de Sa\u00fade.<\/p>\n\n\n\n<p>Dentre estes materiais est\u00e3o os protetores faciais produzidos pela UEPB atrav\u00e9s do trabalho do N\u00facleo de Tecnologias Estrat\u00e9gicas em Sa\u00fade- NUTES e estes equipamentos de prote\u00e7\u00e3o individual ser\u00e3o distribu\u00eddos gratuitamente com hospitais, Unidades de Pronto Atendimento (UPAs), Corpo de Bombeiros, Batalh\u00f5es de Pol\u00edcia e Servi\u00e7os de Atendimento M\u00f3vel (SAMUs), de acordo com informa\u00e7\u00f5es da gerente Ravena Farias.<\/p>\n\n\n\n<p>O Nutes da UEPB desenvolveu em laborat\u00f3rio o protetor facial que ter\u00e1 a distribui\u00e7\u00e3o gratuita aos profissionais que trabalham atuando diretamente com pacientes que apresentam sintomas da Covid-19 e equipes da seguran\u00e7a que atuam diretamente com pessoas com possibilidade de portar a doen\u00e7a. A iniciativa do Laborat\u00f3rio de Tecnologia 3D (LT3D) tem o objetivo de colaborar com os \u00f3rg\u00e3os de sa\u00fade neste momento em que todo o mundo est\u00e1 na luta contra o novo coronav\u00edrus.<\/p>\n\n\n\n<p>O protetor facial \u00e9 para ser usado por cima da m\u00e1scara durante atendimento dos m\u00e9dicos \u00e0 pacientes infectados pelo COVID-19 em UTIs. Esse protetor \u00e9 usado por m\u00e9dicos na China e em outros pa\u00edses e d\u00e1 maior prote\u00e7\u00e3o, com ele, os m\u00e9dicos podem usar a m\u00e1scara por mais tempo. Ele foi desenvolvido pelo engenheiro Rodolfo Castelo Branco, coordenador t\u00e9cnico, e Yasmine Martins, coordenadora do LT3D da UEPB, deve ser usado para a prote\u00e7\u00e3o das m\u00e1scaras, principalmente a N95.<\/p>\n\n\n\n<p>A produ\u00e7\u00e3o conta com a parceria da empresa do Grupo Duraplast.<\/p>\n","protected":false},"excerpt":{"rendered":"<p>Cidades como Monteiro, Sum\u00e9, Tapero\u00e1, Serra Branca, Livramento, Camala\u00fa, Congo, S\u00e3o Jo\u00e3o do Tigre, S\u00e3o Jos\u00e9 dos Cordeiros, Prata, Assun\u00e7\u00e3o, S\u00e3o Sebasti\u00e3o do Umbuzeiro, Ouro&hellip; <\/p>\n","protected":false},"author":2,"featured_media":164704,"comment_status":"closed","ping_status":"closed","sticky":false,"template":"","format":"standard","meta":{"sfsi_plus_gutenberg_text_before_share":"","sfsi_plus_gutenberg_show_text_before_share":"","sfsi_plus_gutenberg_icon_type":"","sfsi_plus_gutenberg_icon_alignemt":"","sfsi_plus_gutenburg_max_per_row":"","footnotes":""},"categories":[6],"tags":[],"class_list":["post-164703","post","type-post","status-publish","format-standard","has-post-thumbnail","hentry","category-cidades"],"_links":{"self":[{"href":"https:\/\/www.caririemacao.com\/1\/wp-json\/wp\/v2\/posts\/164703","targetHints":{"allow":["GET"]}}],"collection":[{"href":"https:\/\/www.caririemacao.com\/1\/wp-json\/wp\/v2\/posts"}],"about":[{"href":"https:\/\/www.caririemacao.com\/1\/wp-json\/wp\/v2\/types\/post"}],"author":[{"embeddable":true,"href":"https:\/\/www.caririemacao.com\/1\/wp-json\/wp\/v2\/users\/2"}],"replies":[{"embeddable":true,"href":"https:\/\/www.caririemacao.com\/1\/wp-json\/wp\/v2\/comments?post=164703"}],"version-history":[{"count":2,"href":"https:\/\/www.caririemacao.com\/1\/wp-json\/wp\/v2\/posts\/164703\/revisions"}],"predecessor-version":[{"id":164710,"href":"https:\/\/www.caririemacao.com\/1\/wp-json\/wp\/v2\/posts\/164703\/revisions\/164710"}],"wp:featuredmedia":[{"embeddable":true,"href":"https:\/\/www.caririemacao.com\/1\/wp-json\/wp\/v2\/media\/164704"}],"wp:attachment":[{"href":"https:\/\/www.caririemacao.com\/1\/wp-json\/wp\/v2\/media?parent=164703"}],"wp:term":[{"taxonomy":"category","embeddable":true,"href":"https:\/\/www.caririemacao.com\/1\/wp-json\/wp\/v2\/categories?post=164703"},{"taxonomy":"post_tag","embeddable":true,"href":"https:\/\/www.caririemacao.com\/1\/wp-json\/wp\/v2\/tags?post=164703"}],"curies":[{"name":"wp","href":"https:\/\/api.w.org\/{rel}","templated":true}]}}