{"id":164714,"date":"2020-04-18T11:55:24","date_gmt":"2020-04-18T14:55:24","guid":{"rendered":"http:\/\/www.caririemacao.com\/1\/?p=164714"},"modified":"2020-04-18T11:55:25","modified_gmt":"2020-04-18T14:55:25","slug":"policia-prende-acusado-de-estuprar-a-propria-mae-em-cidade-do-cariri","status":"publish","type":"post","link":"https:\/\/www.caririemacao.com\/1\/2020\/04\/18\/policia-prende-acusado-de-estuprar-a-propria-mae-em-cidade-do-cariri\/","title":{"rendered":"Pol\u00edcia prende acusado de estuprar a pr\u00f3pria m\u00e3e em cidade do Cariri"},"content":{"rendered":"\n<p>A Pol\u00edcia Civil da Para\u00edba, em conjunto com a Pol\u00edcia Militar, prendeu na madrugada desta sexta-feira (17) na cidade de Prata, um jovem de 18 anos, acusado de estuprado e espancado a pr\u00f3pria m\u00e3e. O fato ocorreu no ano passado, no S\u00edtio Floresta, zona rural de Barra de S\u00e3o Miguel, tamb\u00e9m no Cariri paraibano.<\/p>\n\n\n\n<p>Conforme informa\u00e7\u00f5es do delegado seccional Dr. Cristiano Santana, iniciaram na tarde desta quinta-feira (16), buscas\/dilig\u00eancias na zona rural de Prata, \u00e0 procura de um foragido da Justi\u00e7a, de 18 anos, acusado de haver espancado e estuprado a pr\u00f3pria genitora, uma idosa de 65 anos, ap\u00f3s receberem informa\u00e7\u00f5es da Delegacia de Pol\u00edcia de Queimadas, de que ele estaria escondido na regi\u00e3o.<\/p>\n\n\n\n<p>Ap\u00f3s levantamentos iniciais realizados, descobriu-se a propriedade rural onde ele estaria escondido, e o cerco em toda a \u00e1rea foi montado. J\u00e1 na madrugada desta sexta-feira, e com a ajuda da popula\u00e7\u00e3o local, foi poss\u00edvel deter o criminoso, quando ele tentava furtar uma motocicleta para empreender fuga.<\/p>\n\n\n\n<p>O preso foi recolhido \u00e0 carceragem da 14 DSPC pelo GTE de Monteiro, de onde ser\u00e1 encaminhado \u00e0 Cadeia P\u00fablica. O caso trouxe bastante repercuss\u00e3o e revolta na comunidade local. Ele ficar\u00e1, agora, \u00e0 disposi\u00e7\u00e3o Ju\u00edzo da Comarca de Boqueir\u00e3o, de onde o mandado \u00e9 origin\u00e1rio.<\/p>\n\n\n\n<p><strong>VITRINE DO CARIRI<\/strong><\/p>\n","protected":false},"excerpt":{"rendered":"<p>A Pol\u00edcia Civil da Para\u00edba, em conjunto com a Pol\u00edcia Militar, prendeu na madrugada desta sexta-feira (17) na cidade de Prata, um jovem de 18&hellip; <\/p>\n","protected":false},"author":2,"featured_media":164715,"comment_status":"closed","ping_status":"closed","sticky":false,"template":"","format":"standard","meta":{"sfsi_plus_gutenberg_text_before_share":"","sfsi_plus_gutenberg_show_text_before_share":"","sfsi_plus_gutenberg_icon_type":"","sfsi_plus_gutenberg_icon_alignemt":"","sfsi_plus_gutenburg_max_per_row":"","footnotes":""},"categories":[12],"tags":[],"class_list":["post-164714","post","type-post","status-publish","format-standard","has-post-thumbnail","hentry","category-policia"],"_links":{"self":[{"href":"https:\/\/www.caririemacao.com\/1\/wp-json\/wp\/v2\/posts\/164714","targetHints":{"allow":["GET"]}}],"collection":[{"href":"https:\/\/www.caririemacao.com\/1\/wp-json\/wp\/v2\/posts"}],"about":[{"href":"https:\/\/www.caririemacao.com\/1\/wp-json\/wp\/v2\/types\/post"}],"author":[{"embeddable":true,"href":"https:\/\/www.caririemacao.com\/1\/wp-json\/wp\/v2\/users\/2"}],"replies":[{"embeddable":true,"href":"https:\/\/www.caririemacao.com\/1\/wp-json\/wp\/v2\/comments?post=164714"}],"version-history":[{"count":1,"href":"https:\/\/www.caririemacao.com\/1\/wp-json\/wp\/v2\/posts\/164714\/revisions"}],"predecessor-version":[{"id":164716,"href":"https:\/\/www.caririemacao.com\/1\/wp-json\/wp\/v2\/posts\/164714\/revisions\/164716"}],"wp:featuredmedia":[{"embeddable":true,"href":"https:\/\/www.caririemacao.com\/1\/wp-json\/wp\/v2\/media\/164715"}],"wp:attachment":[{"href":"https:\/\/www.caririemacao.com\/1\/wp-json\/wp\/v2\/media?parent=164714"}],"wp:term":[{"taxonomy":"category","embeddable":true,"href":"https:\/\/www.caririemacao.com\/1\/wp-json\/wp\/v2\/categories?post=164714"},{"taxonomy":"post_tag","embeddable":true,"href":"https:\/\/www.caririemacao.com\/1\/wp-json\/wp\/v2\/tags?post=164714"}],"curies":[{"name":"wp","href":"https:\/\/api.w.org\/{rel}","templated":true}]}}