{"id":164718,"date":"2020-04-18T11:57:55","date_gmt":"2020-04-18T14:57:55","guid":{"rendered":"http:\/\/www.caririemacao.com\/1\/?p=164718"},"modified":"2020-04-18T11:57:57","modified_gmt":"2020-04-18T14:57:57","slug":"prefeitura-de-sao-sebastiao-do-umbuzeiro-disponibilizara-atividades-pedagogicas-para-alunos-da-rede-municipal-durante-suspensao-de-aulas","status":"publish","type":"post","link":"https:\/\/www.caririemacao.com\/1\/2020\/04\/18\/prefeitura-de-sao-sebastiao-do-umbuzeiro-disponibilizara-atividades-pedagogicas-para-alunos-da-rede-municipal-durante-suspensao-de-aulas\/","title":{"rendered":"Prefeitura de S\u00e3o Sebasti\u00e3o do Umbuzeiro disponibilizar\u00e1 atividades pedag\u00f3gicas para alunos da rede municipal durante suspens\u00e3o de aulas"},"content":{"rendered":"\n<p>Na manh\u00e3 da \u00faltima quarta-feira (15), o Prefeito de S\u00e3o Sebasti\u00e3o do Umbuzeiro Adriano Wolff, se reuniu com o secret\u00e1rio de Educa\u00e7\u00e3o e os diretores das escolas municipais.<br>O objetivo da reuni\u00e3o foi para buscar medidas para manter a rotina de estudos, durante a temporada em casa, em raz\u00e3o das medidas de conten\u00e7\u00e3o do Coronav\u00edrus no munic\u00edpio. Com a ajuda dos professores e da fam\u00edlia, a Prefeitura disponibilizar\u00e1 atividades e materiais did\u00e1ticos, voltadas a cada ano letivo, as atividades ser\u00e3o levadas na casa do aluno caca em casa.<br>A medida da Prefeitura visa unir esfor\u00e7os com a comunidade escolar para refor\u00e7ar, durante o per\u00edodo em casa, o conte\u00fado pedag\u00f3gico trabalhado na escola at\u00e9 o momento, apoiando e motivando os alunos.<br>Para o prefeito Adriano Wolff, as atividades para casa s\u00e3o muito bem-vindas. \u201cAcho muito importante que tenha as atividades em casa, porque assim a crian\u00e7a n\u00e3o fica ansiosa e tem o hor\u00e1rio espec\u00edfico para estudar e se dedicar \u00e0 leitura. Se, normalmente, j\u00e1 \u00e9 t\u00e3o importante estudar, agora, com esta paralisa\u00e7\u00e3o, \u00e9 fundamental ter o apoio da Prefeitura, dos professores, da \u00e1rea da educa\u00e7\u00e3o, para ter estas atividades em casa\u201d, afirmou o gestor.<br><strong>Com BLOG DO DIDI<\/strong><\/p>\n","protected":false},"excerpt":{"rendered":"<p>Na manh\u00e3 da \u00faltima quarta-feira (15), o Prefeito de S\u00e3o Sebasti\u00e3o do Umbuzeiro Adriano Wolff, se reuniu com o secret\u00e1rio de Educa\u00e7\u00e3o e os diretores&hellip; <\/p>\n","protected":false},"author":2,"featured_media":164719,"comment_status":"closed","ping_status":"closed","sticky":false,"template":"","format":"standard","meta":{"sfsi_plus_gutenberg_text_before_share":"","sfsi_plus_gutenberg_show_text_before_share":"","sfsi_plus_gutenberg_icon_type":"","sfsi_plus_gutenberg_icon_alignemt":"","sfsi_plus_gutenburg_max_per_row":"","footnotes":""},"categories":[2],"tags":[],"class_list":["post-164718","post","type-post","status-publish","format-standard","has-post-thumbnail","hentry","category-geral"],"_links":{"self":[{"href":"https:\/\/www.caririemacao.com\/1\/wp-json\/wp\/v2\/posts\/164718","targetHints":{"allow":["GET"]}}],"collection":[{"href":"https:\/\/www.caririemacao.com\/1\/wp-json\/wp\/v2\/posts"}],"about":[{"href":"https:\/\/www.caririemacao.com\/1\/wp-json\/wp\/v2\/types\/post"}],"author":[{"embeddable":true,"href":"https:\/\/www.caririemacao.com\/1\/wp-json\/wp\/v2\/users\/2"}],"replies":[{"embeddable":true,"href":"https:\/\/www.caririemacao.com\/1\/wp-json\/wp\/v2\/comments?post=164718"}],"version-history":[{"count":1,"href":"https:\/\/www.caririemacao.com\/1\/wp-json\/wp\/v2\/posts\/164718\/revisions"}],"predecessor-version":[{"id":164720,"href":"https:\/\/www.caririemacao.com\/1\/wp-json\/wp\/v2\/posts\/164718\/revisions\/164720"}],"wp:featuredmedia":[{"embeddable":true,"href":"https:\/\/www.caririemacao.com\/1\/wp-json\/wp\/v2\/media\/164719"}],"wp:attachment":[{"href":"https:\/\/www.caririemacao.com\/1\/wp-json\/wp\/v2\/media?parent=164718"}],"wp:term":[{"taxonomy":"category","embeddable":true,"href":"https:\/\/www.caririemacao.com\/1\/wp-json\/wp\/v2\/categories?post=164718"},{"taxonomy":"post_tag","embeddable":true,"href":"https:\/\/www.caririemacao.com\/1\/wp-json\/wp\/v2\/tags?post=164718"}],"curies":[{"name":"wp","href":"https:\/\/api.w.org\/{rel}","templated":true}]}}