{"id":164728,"date":"2020-04-18T12:06:58","date_gmt":"2020-04-18T15:06:58","guid":{"rendered":"http:\/\/www.caririemacao.com\/1\/?p=164728"},"modified":"2020-04-18T12:07:00","modified_gmt":"2020-04-18T15:07:00","slug":"oticas-comercio-de-produtos-medicos-e-concessionarias-de-carros-na-paraiba-poderao-abrir-a-partir-de-segunda-feira","status":"publish","type":"post","link":"https:\/\/www.caririemacao.com\/1\/2020\/04\/18\/oticas-comercio-de-produtos-medicos-e-concessionarias-de-carros-na-paraiba-poderao-abrir-a-partir-de-segunda-feira\/","title":{"rendered":"\u00d3ticas, com\u00e9rcio de produtos m\u00e9dicos e concession\u00e1rias de carros na Para\u00edba poder\u00e3o abrir a partir de segunda-feira"},"content":{"rendered":"\n<p>O fechamento do com\u00e9rcio na Para\u00edba foi prorrogado at\u00e9 o dia 3 de maio, de acordo com decreto assinado pelo governador Jo\u00e3o Azev\u00eado e publicado na edi\u00e7\u00e3o deste s\u00e1bado (18) do Di\u00e1rio Oficial da Para\u00edba. No entanto, a partir da pr\u00f3xima segunda-feira (20) ser\u00e1 permitido o funcionamento de \u00f3ticas, estabelecimentos que comercializem produtos m\u00e9dicos ou hospitalares e concession\u00e1rias de ve\u00edculos novos ou usados. Todos os estabelecimentos comerciais que estiverem abertos a partir da pr\u00f3xima segunda-feira (20) ter\u00e3o que fornecer m\u00e1scaras a funcion\u00e1rios e clientes.<\/p>\n\n\n\n<p>De acordo com o texto do decreto, as \u00f3ticas e os estabelecimentos que comercializam produtos m\u00e9dicos ou hospitalares ter\u00e3o que funcionar exclusivamente com servi\u00e7o de delivery ou com agendamento para retirada de mercadorias.<\/p>\n\n\n\n<p>J\u00e1 as concession\u00e1rias de ve\u00edculos novos e usados ser\u00e3o autorizadas a funcionar desde que n\u00e3o haja aglomera\u00e7\u00e3o de pessoas. Tamb\u00e9m dever\u00e1 ser observado o hor\u00e1rio de funcionamento estabelecido pelos munic\u00edpios.<\/p>\n\n\n\n<ul class=\"wp-block-list\"><li><a href=\"https:\/\/www.clickpb.com.br\/paraiba\/joao-azevedo-publica-decreto-prorrogando-ate-3-de-maio-suspensao-de-aulas-e-fechamento-do-comercio-282400.html\">Jo\u00e3o Azev\u00eado publica decreto prorrogando at\u00e9 3 de maio a suspens\u00e3o de aulas e fechamento do com\u00e9rcio<\/a><\/li><\/ul>\n\n\n\n<p>Apesar de estarem liberados para funcionar, os estabelecimentos inclu\u00eddos neste decreto e no anterior ser\u00e3o obrigados a fornecer m\u00e1scaras para todos os seus empregados, colaboradores e clientes. Segundo o decreto, est\u00e1 proibida a perman\u00eancia de qualquer pessoa no interior do estabelecimento ou em filas do lado de fora que n\u00e3o esteja usando m\u00e1scara.<\/p>\n\n\n\n<figure class=\"wp-block-image\"><img decoding=\"async\" data-src=\"https:\/\/www.clickpb.com.br\/media\/filer_public\/aa\/4b\/aa4b780e-1cf6-4174-953f-4812e221dc87\/diario_oficial_18-04-2020-1.jpg\" alt=\"\" src=\"data:image\/svg+xml;base64,PHN2ZyB3aWR0aD0iMSIgaGVpZ2h0PSIxIiB4bWxucz0iaHR0cDovL3d3dy53My5vcmcvMjAwMC9zdmciPjwvc3ZnPg==\" class=\"lazyload\" \/><\/figure>\n","protected":false},"excerpt":{"rendered":"<p>O fechamento do com\u00e9rcio na Para\u00edba foi prorrogado at\u00e9 o dia 3 de maio, de acordo com decreto assinado pelo governador Jo\u00e3o Azev\u00eado e publicado&hellip; <\/p>\n","protected":false},"author":2,"featured_media":164729,"comment_status":"closed","ping_status":"closed","sticky":false,"template":"","format":"standard","meta":{"sfsi_plus_gutenberg_text_before_share":"","sfsi_plus_gutenberg_show_text_before_share":"","sfsi_plus_gutenberg_icon_type":"","sfsi_plus_gutenberg_icon_alignemt":"","sfsi_plus_gutenburg_max_per_row":"","footnotes":""},"categories":[2],"tags":[],"class_list":["post-164728","post","type-post","status-publish","format-standard","has-post-thumbnail","hentry","category-geral"],"_links":{"self":[{"href":"https:\/\/www.caririemacao.com\/1\/wp-json\/wp\/v2\/posts\/164728","targetHints":{"allow":["GET"]}}],"collection":[{"href":"https:\/\/www.caririemacao.com\/1\/wp-json\/wp\/v2\/posts"}],"about":[{"href":"https:\/\/www.caririemacao.com\/1\/wp-json\/wp\/v2\/types\/post"}],"author":[{"embeddable":true,"href":"https:\/\/www.caririemacao.com\/1\/wp-json\/wp\/v2\/users\/2"}],"replies":[{"embeddable":true,"href":"https:\/\/www.caririemacao.com\/1\/wp-json\/wp\/v2\/comments?post=164728"}],"version-history":[{"count":1,"href":"https:\/\/www.caririemacao.com\/1\/wp-json\/wp\/v2\/posts\/164728\/revisions"}],"predecessor-version":[{"id":164730,"href":"https:\/\/www.caririemacao.com\/1\/wp-json\/wp\/v2\/posts\/164728\/revisions\/164730"}],"wp:featuredmedia":[{"embeddable":true,"href":"https:\/\/www.caririemacao.com\/1\/wp-json\/wp\/v2\/media\/164729"}],"wp:attachment":[{"href":"https:\/\/www.caririemacao.com\/1\/wp-json\/wp\/v2\/media?parent=164728"}],"wp:term":[{"taxonomy":"category","embeddable":true,"href":"https:\/\/www.caririemacao.com\/1\/wp-json\/wp\/v2\/categories?post=164728"},{"taxonomy":"post_tag","embeddable":true,"href":"https:\/\/www.caririemacao.com\/1\/wp-json\/wp\/v2\/tags?post=164728"}],"curies":[{"name":"wp","href":"https:\/\/api.w.org\/{rel}","templated":true}]}}