{"id":164735,"date":"2020-04-18T12:16:39","date_gmt":"2020-04-18T15:16:39","guid":{"rendered":"http:\/\/www.caririemacao.com\/1\/?p=164735"},"modified":"2020-04-18T12:16:41","modified_gmt":"2020-04-18T15:16:41","slug":"teremos-a-vacina-em-janeiro-ou-fevereiro-diz-cientista-da-jj-que-pesquisa-a-imunizacao-a-covid-19","status":"publish","type":"post","link":"https:\/\/www.caririemacao.com\/1\/2020\/04\/18\/teremos-a-vacina-em-janeiro-ou-fevereiro-diz-cientista-da-jj-que-pesquisa-a-imunizacao-a-covid-19\/","title":{"rendered":"\u201cTeremos a vacina em janeiro ou fevereiro\u201d, diz cientista da J&#038;J que pesquisa a imuniza\u00e7\u00e3o \u00e0 Covid-19"},"content":{"rendered":"\n<p>Em sua primeira entrevista a um ve\u00edculo de comunica\u00e7\u00e3o da Am\u00e9rica Latina desde que iniciou os testes da vacina contra a Covid-19, Paul Stoffels se mostra otimista com o avan\u00e7o do processo<\/p>\n\n\n\n<p>O m\u00e9dico belga Paul Stoffels, vice-presidente do Comit\u00ea Executivo e Chief Scientific Officer da Johnson &amp; Johnson afirmou,&nbsp;<a href=\"https:\/\/neofeed.com.br\/blog\/home\/exclusivo-teremos-a-vacina-em-janeiro-ou-fevereiro-diz-cientista-da-jj-que-pesquisa-a-imunizacao-ao-covid-19\/\">em entrevista ao NeoFeed<\/a>, que as primeiras doses da vacina contra covid-19 devem estar dispon\u00edveis em car\u00e1ter de urg\u00eancia entre janeiro e fevereiro de 2021.<\/p>\n\n\n\n<p><strong>LEIA MAIS<\/strong>:&nbsp;<a href=\"https:\/\/www.clickpb.com.br\/saude\/empresa-americana-diz-que-pode-lancar-vacina-para-covid-19-no-inicio-de-2021-281145.html\">Empresa americana diz que pode lan\u00e7ar vacina para covid-19 no in\u00edcio de 2021<\/a><br><\/p>\n\n\n\n<p>\u201cEstamos expandindo nossas estruturas para conseguir produzir dezenas de milh\u00f5es de vacinas de alta qualidade mensalmente, mas \u00e9 um trabalho em processo\u201d, disse Stoffels.<\/p>\n\n\n\n<p>Especialista em HIV e doen\u00e7as tropicais, Stoffels tem passado at\u00e9 16 horas por dia trabalhando para cumprir a miss\u00e3o \u2013 e a promessa \u2013 de imunizar um bilh\u00e3o de pessoas o quanto antes.&nbsp;<\/p>\n\n\n\n<p>Pelo menos foi esse o acordo firmado com o governo americano. A equipe de Donald Trump concordou em entrar com US$ 421 milh\u00f5es do US$ 1 bilh\u00e3o necess\u00e1rio para que a Johnson &amp; Johnson expanda sua capacidade de produ\u00e7\u00e3o e cumpra esse objetivo.&nbsp;<\/p>\n\n\n\n<p>O m\u00e9dico, que mora nos Estados Unidos, destaca a uni\u00e3o de for\u00e7as de governos e iniciativas privadas, e faz quest\u00e3o de resgatar a esperan\u00e7a de quem, direta ou indiretamente, sofre com a crise que estamos vivendo.<\/p>\n\n\n\n<p>\u201cGostaria de deix\u00e1-los com esperan\u00e7a: isso vai ter um fim. Tem muita gente trabalhando para que encontremos al\u00edvio o quanto antes.\u201d, explicou.<\/p>\n","protected":false},"excerpt":{"rendered":"<p>Em sua primeira entrevista a um ve\u00edculo de comunica\u00e7\u00e3o da Am\u00e9rica Latina desde que iniciou os testes da vacina contra a Covid-19, Paul Stoffels se&hellip; <\/p>\n","protected":false},"author":2,"featured_media":164736,"comment_status":"closed","ping_status":"closed","sticky":false,"template":"","format":"standard","meta":{"sfsi_plus_gutenberg_text_before_share":"","sfsi_plus_gutenberg_show_text_before_share":"","sfsi_plus_gutenberg_icon_type":"","sfsi_plus_gutenberg_icon_alignemt":"","sfsi_plus_gutenburg_max_per_row":"","footnotes":""},"categories":[2],"tags":[],"class_list":["post-164735","post","type-post","status-publish","format-standard","has-post-thumbnail","hentry","category-geral"],"_links":{"self":[{"href":"https:\/\/www.caririemacao.com\/1\/wp-json\/wp\/v2\/posts\/164735","targetHints":{"allow":["GET"]}}],"collection":[{"href":"https:\/\/www.caririemacao.com\/1\/wp-json\/wp\/v2\/posts"}],"about":[{"href":"https:\/\/www.caririemacao.com\/1\/wp-json\/wp\/v2\/types\/post"}],"author":[{"embeddable":true,"href":"https:\/\/www.caririemacao.com\/1\/wp-json\/wp\/v2\/users\/2"}],"replies":[{"embeddable":true,"href":"https:\/\/www.caririemacao.com\/1\/wp-json\/wp\/v2\/comments?post=164735"}],"version-history":[{"count":1,"href":"https:\/\/www.caririemacao.com\/1\/wp-json\/wp\/v2\/posts\/164735\/revisions"}],"predecessor-version":[{"id":164737,"href":"https:\/\/www.caririemacao.com\/1\/wp-json\/wp\/v2\/posts\/164735\/revisions\/164737"}],"wp:featuredmedia":[{"embeddable":true,"href":"https:\/\/www.caririemacao.com\/1\/wp-json\/wp\/v2\/media\/164736"}],"wp:attachment":[{"href":"https:\/\/www.caririemacao.com\/1\/wp-json\/wp\/v2\/media?parent=164735"}],"wp:term":[{"taxonomy":"category","embeddable":true,"href":"https:\/\/www.caririemacao.com\/1\/wp-json\/wp\/v2\/categories?post=164735"},{"taxonomy":"post_tag","embeddable":true,"href":"https:\/\/www.caririemacao.com\/1\/wp-json\/wp\/v2\/tags?post=164735"}],"curies":[{"name":"wp","href":"https:\/\/api.w.org\/{rel}","templated":true}]}}