{"id":164743,"date":"2020-04-18T12:23:38","date_gmt":"2020-04-18T15:23:38","guid":{"rendered":"http:\/\/www.caririemacao.com\/1\/?p=164743"},"modified":"2020-04-18T12:23:41","modified_gmt":"2020-04-18T15:23:41","slug":"prefeitura-disponibiliza-lavatorios-de-maos-e-profissionais-de-saude-em-pontos-estrategicos-da-feira-livre","status":"publish","type":"post","link":"https:\/\/www.caririemacao.com\/1\/2020\/04\/18\/prefeitura-disponibiliza-lavatorios-de-maos-e-profissionais-de-saude-em-pontos-estrategicos-da-feira-livre\/","title":{"rendered":"Prefeitura disponibiliza lavat\u00f3rios de m\u00e3os e profissionais de sa\u00fade em pontos estrat\u00e9gicos da feira livre"},"content":{"rendered":"\n<p>A prefeitura de Monteiro publicou decreto nesta semana, com a confirma\u00e7\u00e3o da reabertura autorizada da feira livre que \u00e9 realizada aos s\u00e1bados no munic\u00edpio.<br>A medida visa diminuir os efeitos sofridos pelos pequenos comerciantes locais que atuam neste segmento, e antes de ser tomada, a decis\u00e3o foi estudada e cercada por uma s\u00e9rie de providencias determinadas, para garantir a seguran\u00e7a dos clientes e dos feirantes.<br>Uma destas a\u00e7\u00f5es da Secret\u00e1ria de Sa\u00fade, ap\u00f3s a determina\u00e7\u00e3o da prefeita Anna Lorena Leite, foi a instala\u00e7\u00e3o de lavat\u00f3rios de m\u00e3os em pontos estrat\u00e9gicos da cidade com grande fluxo de pessoas.<br>Os lavat\u00f3rios est\u00e3o sendo encontrados neste s\u00e1bado, em locais como as entradas do mercado p\u00fablico, salientando que em cada um destes locais havia tamb\u00e9m profissionais de sa\u00fade para orientar os cidad\u00e3os sobre a forma correta de efetuar a lavagem das m\u00e3os, tudo isto pensando no bem coletivo do povo de Monteiro.<\/p>\n","protected":false},"excerpt":{"rendered":"<p>A prefeitura de Monteiro publicou decreto nesta semana, com a confirma\u00e7\u00e3o da reabertura autorizada da feira livre que \u00e9 realizada aos s\u00e1bados no munic\u00edpio.A medida&hellip; <\/p>\n","protected":false},"author":2,"featured_media":164744,"comment_status":"closed","ping_status":"closed","sticky":false,"template":"","format":"standard","meta":{"sfsi_plus_gutenberg_text_before_share":"","sfsi_plus_gutenberg_show_text_before_share":"","sfsi_plus_gutenberg_icon_type":"","sfsi_plus_gutenberg_icon_alignemt":"","sfsi_plus_gutenburg_max_per_row":"","footnotes":""},"categories":[2],"tags":[],"class_list":["post-164743","post","type-post","status-publish","format-standard","has-post-thumbnail","hentry","category-geral"],"_links":{"self":[{"href":"https:\/\/www.caririemacao.com\/1\/wp-json\/wp\/v2\/posts\/164743","targetHints":{"allow":["GET"]}}],"collection":[{"href":"https:\/\/www.caririemacao.com\/1\/wp-json\/wp\/v2\/posts"}],"about":[{"href":"https:\/\/www.caririemacao.com\/1\/wp-json\/wp\/v2\/types\/post"}],"author":[{"embeddable":true,"href":"https:\/\/www.caririemacao.com\/1\/wp-json\/wp\/v2\/users\/2"}],"replies":[{"embeddable":true,"href":"https:\/\/www.caririemacao.com\/1\/wp-json\/wp\/v2\/comments?post=164743"}],"version-history":[{"count":1,"href":"https:\/\/www.caririemacao.com\/1\/wp-json\/wp\/v2\/posts\/164743\/revisions"}],"predecessor-version":[{"id":164745,"href":"https:\/\/www.caririemacao.com\/1\/wp-json\/wp\/v2\/posts\/164743\/revisions\/164745"}],"wp:featuredmedia":[{"embeddable":true,"href":"https:\/\/www.caririemacao.com\/1\/wp-json\/wp\/v2\/media\/164744"}],"wp:attachment":[{"href":"https:\/\/www.caririemacao.com\/1\/wp-json\/wp\/v2\/media?parent=164743"}],"wp:term":[{"taxonomy":"category","embeddable":true,"href":"https:\/\/www.caririemacao.com\/1\/wp-json\/wp\/v2\/categories?post=164743"},{"taxonomy":"post_tag","embeddable":true,"href":"https:\/\/www.caririemacao.com\/1\/wp-json\/wp\/v2\/tags?post=164743"}],"curies":[{"name":"wp","href":"https:\/\/api.w.org\/{rel}","templated":true}]}}