{"id":164750,"date":"2020-04-18T13:02:16","date_gmt":"2020-04-18T16:02:16","guid":{"rendered":"http:\/\/www.caririemacao.com\/1\/?p=164750"},"modified":"2020-04-18T13:02:19","modified_gmt":"2020-04-18T16:02:19","slug":"prf-recupera-na-paraiba-veiculo-de-luxo-avaliado-em-mais-de-r-100-mil-roubado-em-recife","status":"publish","type":"post","link":"https:\/\/www.caririemacao.com\/1\/2020\/04\/18\/prf-recupera-na-paraiba-veiculo-de-luxo-avaliado-em-mais-de-r-100-mil-roubado-em-recife\/","title":{"rendered":"PRF recupera na Para\u00edba ve\u00edculo de luxo avaliado em mais de R$ 100 mil roubado em Recife"},"content":{"rendered":"\n<p>A Pol\u00edcia Rodovi\u00e1ria Federal na Para\u00edba recuperou na noite desta sexta-feira&nbsp;(17), em Cajazeiras, um veiculo de luxo&nbsp;avaliado em mais de R$ 100 mil que foi roubado na cidade de Recife.&nbsp;A abordagem ocorreu no munic\u00edpio de Cajazeiras, na BR 230, km 511.&nbsp;<\/p>\n\n\n\n<p>O autom\u00f3vel de luxo era conduzido por um homem de 24 anos. Ao ser realizada as consultas aos sistemas dispon\u00edveis, os policiais verificaram que o ve\u00edculo Audi Q3 havia sido roubado em Recife no final do m\u00eas passado.&nbsp;<\/p>\n\n\n\n<p>O homem foi detido e conduzido \u00e0 Pol\u00edcia Civil.<\/p>\n","protected":false},"excerpt":{"rendered":"<p>A Pol\u00edcia Rodovi\u00e1ria Federal na Para\u00edba recuperou na noite desta sexta-feira&nbsp;(17), em Cajazeiras, um veiculo de luxo&nbsp;avaliado em mais de R$ 100 mil que foi&hellip; <\/p>\n","protected":false},"author":2,"featured_media":164751,"comment_status":"closed","ping_status":"closed","sticky":false,"template":"","format":"standard","meta":{"sfsi_plus_gutenberg_text_before_share":"","sfsi_plus_gutenberg_show_text_before_share":"","sfsi_plus_gutenberg_icon_type":"","sfsi_plus_gutenberg_icon_alignemt":"","sfsi_plus_gutenburg_max_per_row":"","footnotes":""},"categories":[2],"tags":[],"class_list":["post-164750","post","type-post","status-publish","format-standard","has-post-thumbnail","hentry","category-geral"],"_links":{"self":[{"href":"https:\/\/www.caririemacao.com\/1\/wp-json\/wp\/v2\/posts\/164750","targetHints":{"allow":["GET"]}}],"collection":[{"href":"https:\/\/www.caririemacao.com\/1\/wp-json\/wp\/v2\/posts"}],"about":[{"href":"https:\/\/www.caririemacao.com\/1\/wp-json\/wp\/v2\/types\/post"}],"author":[{"embeddable":true,"href":"https:\/\/www.caririemacao.com\/1\/wp-json\/wp\/v2\/users\/2"}],"replies":[{"embeddable":true,"href":"https:\/\/www.caririemacao.com\/1\/wp-json\/wp\/v2\/comments?post=164750"}],"version-history":[{"count":1,"href":"https:\/\/www.caririemacao.com\/1\/wp-json\/wp\/v2\/posts\/164750\/revisions"}],"predecessor-version":[{"id":164752,"href":"https:\/\/www.caririemacao.com\/1\/wp-json\/wp\/v2\/posts\/164750\/revisions\/164752"}],"wp:featuredmedia":[{"embeddable":true,"href":"https:\/\/www.caririemacao.com\/1\/wp-json\/wp\/v2\/media\/164751"}],"wp:attachment":[{"href":"https:\/\/www.caririemacao.com\/1\/wp-json\/wp\/v2\/media?parent=164750"}],"wp:term":[{"taxonomy":"category","embeddable":true,"href":"https:\/\/www.caririemacao.com\/1\/wp-json\/wp\/v2\/categories?post=164750"},{"taxonomy":"post_tag","embeddable":true,"href":"https:\/\/www.caririemacao.com\/1\/wp-json\/wp\/v2\/tags?post=164750"}],"curies":[{"name":"wp","href":"https:\/\/api.w.org\/{rel}","templated":true}]}}