{"id":164753,"date":"2020-04-18T13:05:45","date_gmt":"2020-04-18T16:05:45","guid":{"rendered":"http:\/\/www.caririemacao.com\/1\/?p=164753"},"modified":"2020-04-18T13:05:47","modified_gmt":"2020-04-18T16:05:47","slug":"ufpb-doa-mascaras-para-profissionais-da-saude-em-guarabira","status":"publish","type":"post","link":"https:\/\/www.caririemacao.com\/1\/2020\/04\/18\/ufpb-doa-mascaras-para-profissionais-da-saude-em-guarabira\/","title":{"rendered":"UFPB doa m\u00e1scaras para profissionais da sa\u00fade em Guarabira"},"content":{"rendered":"\n<p>A Universidade Federal da Para\u00edba (UFPB) doou, nesta&nbsp;sexta-feira (17), 30 m\u00e1scaras de prote\u00e7\u00e3o&nbsp;&#8220;face shields&#8221;&nbsp;\u00e0 Prefeitura Municipal de Guarabira, para ajudar a reduzir os riscos de cont\u00e1gio do Covid-19 aos profissionais de sa\u00fade.<\/p>\n\n\n\n<p>Os equipamentos foram fabricados pelo Laborat\u00f3rio de Fabrica\u00e7\u00e3o Digital do Centro de Energias Alternativas e Renov\u00e1veis da UFPB, no campus I, em Jo\u00e3o Pessoa. Na pr\u00f3xima semana, ser\u00e3o entregues 100 unidades para a Maternidade C\u00e2ndida Vargas e 50 para o Sindicato dos M\u00e9dicos da Para\u00edba, em Jo\u00e3o Pessoa.<\/p>\n\n\n\n<p>A iniciativa faz parte de um trabalho em rede das Institui\u00e7\u00f5es de Ensino Superior na Para\u00edba. Colaboram com a UFPB a Universidade Estadual da Para\u00edba (UEPB), Universidade Federal de Campina Grande (UFCG) e Instituto Federal da Para\u00edba (IFPB).<\/p>\n\n\n\n<p>O laborat\u00f3rio doou, at\u00e9 o momento, 520 m\u00e1scaras a institui\u00e7\u00f5es p\u00fablicas de sa\u00fade da Para\u00edba, em cidades como Jo\u00e3o Pessoa, Cajazeiras, Campina Grande, Itaporanga, Bayeux, Guarabira, Areia, Rem\u00edgio, Caapor\u00e3 e em Aneiroz, no Cear\u00e1. A meta \u00e9 produzir duas mil m\u00e1scaras, segundo o vice-diretor do Centro de Ensino, professor Euler Tavares de Macedo.<\/p>\n\n\n\n<p>\u201cCom o aumento da demanda por&nbsp;Equipamentos de&nbsp;Prote\u00e7\u00e3o&nbsp;Individual&nbsp;(EPIs),&nbsp;que&nbsp;se tornou escasso no mercado&nbsp;e teve alta&nbsp;de pre\u00e7o,&nbsp;esta \u00e9 uma&nbsp;forma das institui\u00e7\u00f5es contribu\u00edrem&nbsp;ainda mais&nbsp;para&nbsp;a sociedade\u201d.<\/p>\n\n\n\n<p>Os insumos para a fabrica\u00e7\u00e3o das m\u00e1scaras s\u00e3o obtidos por doa\u00e7\u00f5es, que s\u00e3o&nbsp;programadas&nbsp;por requisi\u00e7\u00e3o via of\u00edcio ao&nbsp;laborat\u00f3rio.&nbsp;De acordo com Euler, as institui\u00e7\u00f5es que necessitam devem encaminhar&nbsp;of\u00edcio&nbsp;pelo e-mail&nbsp;<a href=\"mailto:fablab@cear.ufpb.br\">fablab@cear.ufpb.br<\/a>.<\/p>\n\n\n\n<p>\u201cEntre as institui\u00e7\u00f5es beneficiadas, est\u00e3o a Secretaria Estadual de Sa\u00fade da Para\u00edba; Hospital Universit\u00e1rio Lauro Wanderley, em Jo\u00e3o Pessoa; Laborat\u00f3rio do Hospital de Trauma; Samu Regional de Cajazeiras; Hospital Universit\u00e1rio Alcides Carneiro, em Campina Grande; a Unidade de Pronto Atendimento (UPA) de Bayeux; prefeituras\u201d,&nbsp;exemplifica o gestor.<\/p>\n","protected":false},"excerpt":{"rendered":"<p>A Universidade Federal da Para\u00edba (UFPB) doou, nesta&nbsp;sexta-feira (17), 30 m\u00e1scaras de prote\u00e7\u00e3o&nbsp;&#8220;face shields&#8221;&nbsp;\u00e0 Prefeitura Municipal de Guarabira, para ajudar a reduzir os riscos de&hellip; <\/p>\n","protected":false},"author":2,"featured_media":164754,"comment_status":"closed","ping_status":"closed","sticky":false,"template":"","format":"standard","meta":{"sfsi_plus_gutenberg_text_before_share":"","sfsi_plus_gutenberg_show_text_before_share":"","sfsi_plus_gutenberg_icon_type":"","sfsi_plus_gutenberg_icon_alignemt":"","sfsi_plus_gutenburg_max_per_row":"","footnotes":""},"categories":[2],"tags":[],"class_list":["post-164753","post","type-post","status-publish","format-standard","has-post-thumbnail","hentry","category-geral"],"_links":{"self":[{"href":"https:\/\/www.caririemacao.com\/1\/wp-json\/wp\/v2\/posts\/164753","targetHints":{"allow":["GET"]}}],"collection":[{"href":"https:\/\/www.caririemacao.com\/1\/wp-json\/wp\/v2\/posts"}],"about":[{"href":"https:\/\/www.caririemacao.com\/1\/wp-json\/wp\/v2\/types\/post"}],"author":[{"embeddable":true,"href":"https:\/\/www.caririemacao.com\/1\/wp-json\/wp\/v2\/users\/2"}],"replies":[{"embeddable":true,"href":"https:\/\/www.caririemacao.com\/1\/wp-json\/wp\/v2\/comments?post=164753"}],"version-history":[{"count":1,"href":"https:\/\/www.caririemacao.com\/1\/wp-json\/wp\/v2\/posts\/164753\/revisions"}],"predecessor-version":[{"id":164755,"href":"https:\/\/www.caririemacao.com\/1\/wp-json\/wp\/v2\/posts\/164753\/revisions\/164755"}],"wp:featuredmedia":[{"embeddable":true,"href":"https:\/\/www.caririemacao.com\/1\/wp-json\/wp\/v2\/media\/164754"}],"wp:attachment":[{"href":"https:\/\/www.caririemacao.com\/1\/wp-json\/wp\/v2\/media?parent=164753"}],"wp:term":[{"taxonomy":"category","embeddable":true,"href":"https:\/\/www.caririemacao.com\/1\/wp-json\/wp\/v2\/categories?post=164753"},{"taxonomy":"post_tag","embeddable":true,"href":"https:\/\/www.caririemacao.com\/1\/wp-json\/wp\/v2\/tags?post=164753"}],"curies":[{"name":"wp","href":"https:\/\/api.w.org\/{rel}","templated":true}]}}