{"id":164770,"date":"2020-04-18T15:34:17","date_gmt":"2020-04-18T18:34:17","guid":{"rendered":"http:\/\/www.caririemacao.com\/1\/?p=164770"},"modified":"2020-04-18T15:34:19","modified_gmt":"2020-04-18T18:34:19","slug":"inep-vai-garantir-isencao-do-enem-a-quem-perdeu-prazo-de-inscricao","status":"publish","type":"post","link":"https:\/\/www.caririemacao.com\/1\/2020\/04\/18\/inep-vai-garantir-isencao-do-enem-a-quem-perdeu-prazo-de-inscricao\/","title":{"rendered":"Inep vai garantir isen\u00e7\u00e3o do Enem a quem perdeu prazo de inscri\u00e7\u00e3o"},"content":{"rendered":"\n<p>O Instituto Nacional de Estudos e Pesquisas Educacionais An\u00edsio Teixeira (Inep) garante que nenhum participante do Exame Nacional do Ensino M\u00e9dio (Enem), que tentou a isen\u00e7\u00e3o da prova e n\u00e3o conseguiu, mas que cumpre os requisitos da isen\u00e7\u00e3o, ser\u00e1 prejudicado na prova deste ano. No per\u00edodo de inscri\u00e7\u00f5es para o exame o pr\u00f3prio \u00f3rg\u00e3o ir\u00e1, de of\u00edcio, garantir a gratuidade. A informa\u00e7\u00e3o \u00e9 do presidente do Inep, Alexandre Lopes, em entrevista exclusiva \u00e0&nbsp;<strong>TV Brasil<\/strong>.<\/p>\n\n\n\n<p>\u201cN\u00f3s do Inep vamos garantir essa isen\u00e7\u00e3o na inscri\u00e7\u00e3o, o aluno n\u00e3o vai precisar pedir. N\u00e3o ter\u00e1 que fazer nada, n\u00f3s do Inep vamos garantir que ele tenha esse direito\u201d, destacou. O per\u00edodo de&nbsp;<a href=\"https:\/\/agenciabrasil.ebc.com.br\/educacao\/noticia\/2020-04\/pedido-de-isencao-de-taxa-de-inscricao-do-enem-termina-nesta-sexta\" target=\"_blank\" rel=\"noreferrer noopener\">inscri\u00e7\u00e3o termina&nbsp;<\/a>hoje&nbsp;(17),&nbsp;\u00e0s 23h59. Segundo o presidente do Inep, foram garantidos mais de 3 milh\u00f5es de gratuidades para a prova de 2020 e o resultado dos beneficiados sai no dia 24 de abril.<\/p>\n\n\n\n<p>Estavam aptos a pedir a isen\u00e7\u00e3o da taxa de inscri\u00e7\u00e3o do Enem estudantes que cursam a \u00faltima s\u00e9rie do ensino m\u00e9dio em 2020&nbsp;em escola da rede p\u00fablica, declarada ao Censo da Educa\u00e7\u00e3o B\u00e1sica; estudantes que cursaram todo o ensino m\u00e9dio em escolas p\u00fablicas ou como bolsista integral na rede privada e tenha renda per capita igual ou inferior a um sal\u00e1rio m\u00ednimo e meio; e estudantes que estejam em situa\u00e7\u00e3o de vulnerabilidade socioecon\u00f4mica, por ser membro de fam\u00edlia de baixa renda, inscrita no Cadastro \u00danico para Programas Sociais do Governo Federal (Cad\u00danico), que requer renda familiar per capita de at\u00e9 meio sal\u00e1rio m\u00ednimo ou renda familiar mensal de at\u00e9 tr\u00eas sal\u00e1rios m\u00ednimos.<\/p>\n\n\n\n<h2 class=\"wp-block-heading\">Inova\u00e7\u00f5es no Enem 2020<\/h2>\n\n\n\n<p>O presidente do Inep refor\u00e7ou que a prova do Enem est\u00e1 mantida mesmo com a pandemia do novo coronav\u00edrus (covid-19) e destacou que neste ano ser\u00e1 realizada a primeira edi\u00e7\u00e3o do Enem digital. As provas do Enem Digital que estavam&nbsp;previstas para ocorrer em 11 e 18 de outubro&nbsp;foram&nbsp;alteradas para os dias 22 e 29 de novembro. As do Enem impresso continuam previstas para 1\u00ba e 8 de novembro.&nbsp;<\/p>\n\n\n\n<p>\u201c\u00c9 muito importante que o aluno saiba que vai ter o Enem. Ent\u00e3o o aluno que conta com o Enem como uma forma de acesso \u00e0 faculdade, aquele aluno mais carente que usa as notas do Enem para ter acesso a bolsas, Fies, Prouni ou para entrar em universidade p\u00fablica por sistema de cotas, que usam o Enem como instrumento de acesso, esse instrumento vai estar disponibilizado. Vai ter o Enem. \u00c9 muito importante garantir essa pol\u00edtica p\u00fablica\u201d, disse o presidente.<\/p>\n\n\n\n<p>Cerca de 100 mil alunos v\u00e3o ter a possibilidade de fazer o&nbsp;<a href=\"https:\/\/agenciabrasil.ebc.com.br\/educacao\/noticia\/2020-01\/piloto-do-enem-digital-pode-ter-100-mil-participantes-diz-ministro\" target=\"_blank\" rel=\"noreferrer noopener\">Enem digital<\/a>, que ter\u00e1 o mesmo grau de dificuldade da prova impressa, o que vai garantir que nenhum participante seja prejudicado. Quem fizer a prova digital neste ano ainda far\u00e1 a reda\u00e7\u00e3o manuscrita.<\/p>\n\n\n\n<p>Outra novidade do Enem 2020 \u00e9 a possibilidade do participante com defici\u00eancia visual poder utilizar o&nbsp;<em>software<\/em>&nbsp;que faz a leitura da prova e a presen\u00e7a da fotografia do candidato impressa no caderno de respostas e na tela do computador (no caso do exame digital).<\/p>\n\n\n\n<p>A inscri\u00e7\u00e3o para a prova ser\u00e1 de 11 a 22 de maio e, por enquanto, n\u00e3o h\u00e1 altera\u00e7\u00e3o. \u201cSe houver necessidade vai ter altera\u00e7\u00e3o nas datas das provas, como j\u00e1 disse o ministro [da Educa\u00e7\u00e3o, Abraham Weintraub] mas por enquanto as datas est\u00e3o mantidas\u201d, afirmou Lopes.<\/p>\n\n\n\n<p>\u201cVai ter o Enem, ent\u00e3o se prepara. Vai estudando, procure aproveitar esse per\u00edodo de quarentena para refor\u00e7ar os estudos se preparando que vai ter o Enem. \u00c9 importante n\u00e3o se desmobilizar, n\u00e3o se sentir desmotivado em casa porque est\u00e1 em quarentena\u201d, comentou o presidente do Inep.<\/p>\n","protected":false},"excerpt":{"rendered":"<p>O Instituto Nacional de Estudos e Pesquisas Educacionais An\u00edsio Teixeira (Inep) garante que nenhum participante do Exame Nacional do Ensino M\u00e9dio (Enem), que tentou a&hellip; <\/p>\n","protected":false},"author":2,"featured_media":164771,"comment_status":"closed","ping_status":"closed","sticky":false,"template":"","format":"standard","meta":{"sfsi_plus_gutenberg_text_before_share":"","sfsi_plus_gutenberg_show_text_before_share":"","sfsi_plus_gutenberg_icon_type":"","sfsi_plus_gutenberg_icon_alignemt":"","sfsi_plus_gutenburg_max_per_row":"","footnotes":""},"categories":[2],"tags":[],"class_list":["post-164770","post","type-post","status-publish","format-standard","has-post-thumbnail","hentry","category-geral"],"_links":{"self":[{"href":"https:\/\/www.caririemacao.com\/1\/wp-json\/wp\/v2\/posts\/164770","targetHints":{"allow":["GET"]}}],"collection":[{"href":"https:\/\/www.caririemacao.com\/1\/wp-json\/wp\/v2\/posts"}],"about":[{"href":"https:\/\/www.caririemacao.com\/1\/wp-json\/wp\/v2\/types\/post"}],"author":[{"embeddable":true,"href":"https:\/\/www.caririemacao.com\/1\/wp-json\/wp\/v2\/users\/2"}],"replies":[{"embeddable":true,"href":"https:\/\/www.caririemacao.com\/1\/wp-json\/wp\/v2\/comments?post=164770"}],"version-history":[{"count":1,"href":"https:\/\/www.caririemacao.com\/1\/wp-json\/wp\/v2\/posts\/164770\/revisions"}],"predecessor-version":[{"id":164772,"href":"https:\/\/www.caririemacao.com\/1\/wp-json\/wp\/v2\/posts\/164770\/revisions\/164772"}],"wp:featuredmedia":[{"embeddable":true,"href":"https:\/\/www.caririemacao.com\/1\/wp-json\/wp\/v2\/media\/164771"}],"wp:attachment":[{"href":"https:\/\/www.caririemacao.com\/1\/wp-json\/wp\/v2\/media?parent=164770"}],"wp:term":[{"taxonomy":"category","embeddable":true,"href":"https:\/\/www.caririemacao.com\/1\/wp-json\/wp\/v2\/categories?post=164770"},{"taxonomy":"post_tag","embeddable":true,"href":"https:\/\/www.caririemacao.com\/1\/wp-json\/wp\/v2\/tags?post=164770"}],"curies":[{"name":"wp","href":"https:\/\/api.w.org\/{rel}","templated":true}]}}