{"id":164774,"date":"2020-04-18T15:36:57","date_gmt":"2020-04-18T18:36:57","guid":{"rendered":"http:\/\/www.caririemacao.com\/1\/?p=164774"},"modified":"2020-04-18T15:36:59","modified_gmt":"2020-04-18T18:36:59","slug":"realizacao-do-enem-em-2020-esta-garantida-diz-ministro","status":"publish","type":"post","link":"https:\/\/www.caririemacao.com\/1\/2020\/04\/18\/realizacao-do-enem-em-2020-esta-garantida-diz-ministro\/","title":{"rendered":"Realiza\u00e7\u00e3o do Enem em 2020 est\u00e1 garantida, diz ministro"},"content":{"rendered":"\n<p>O ministro da Educa\u00e7\u00e3o, Abraham Weintraub, confirmou hoje (17), durante&nbsp;<em>live&nbsp;<\/em>em uma rede social, a realiza\u00e7\u00e3o do Exame Nacional do Ensino M\u00e9dio (Enem), na vers\u00e3o imprensa, com prova prevista para os dias 1\u00ba e 8 de novembro. Segundo ele, at\u00e9 l\u00e1, a quarentena j\u00e1 ter\u00e1 passado e n\u00e3o h\u00e1 motivo para o adiamento do exame.&nbsp;<\/p>\n\n\n\n<p>&#8220;Vai ter Enem, essa quarentena vai acabar em breve, eu acredito&#8221;, afirmou. &#8220;A crise j\u00e1 vai ter passado&#8221;. Pela primeira vez, o Enem ter\u00e1 tamb\u00e9m aplica\u00e7\u00e3o de provas digitais, em fase experimental. De acordo com o ministro, a prova digital ser\u00e1 realizada por cerca de 100 mil volunt\u00e1rios. A data dessas provas est\u00e1 prevista para os dias 22 e 29 de novembro.&nbsp;<\/p>\n\n\n\n<p>Se houver algum problema na aplica\u00e7\u00e3o da prova digital, os candidatos poder\u00e3o refazer o exame na vers\u00e3o impressa, em data posterior. &#8220;Se der problema, faz a reaplica\u00e7\u00e3o em papel, junto com quem teve problema [com a prova] em papel&#8221;, explicou o ministro.<\/p>\n\n\n\n<p>Weintraub informou que a pasta concedeu cerca de 1 milh\u00e3o de isen\u00e7\u00f5es da taxa de inscri\u00e7\u00e3o do Enem 2020. O prazo para fazer o pedido&nbsp;<a href=\"https:\/\/agenciabrasil.ebc.com.br\/educacao\/noticia\/2020-04\/pedido-de-isencao-de-taxa-de-inscricao-do-enem-termina-nesta-sexta\" target=\"_blank\" rel=\"noreferrer noopener\">termina \u00e0s 23h59&nbsp;<\/a>desta sexta-feira. O participante que deseja solicitar o direito de n\u00e3o pagar a taxa e estiver dentro dos crit\u00e9rios do edital deve acessar a p\u00e1gina do&nbsp;<a href=\"https:\/\/enem.inep.gov.br\/participante\/#!\/\" target=\"_blank\" rel=\"noreferrer noopener\">Enem 2020<\/a>&nbsp;e se inscrever. O resultado ser\u00e1 divulgado no dia 24 de abril.<\/p>\n\n\n\n<h2 class=\"wp-block-heading\">Fies<\/h2>\n\n\n\n<p>O ministro tamb\u00e9m garantiu que o governo vai&nbsp;<a href=\"https:\/\/agenciabrasil.ebc.com.br\/educacao\/noticia\/2020-04\/inep-vai-garantir-isencao-do-enem-quem-perdeu-prazo\" target=\"_blank\" rel=\"noreferrer noopener\">suspender temporariamente o pagamento<\/a>&nbsp;do Fundo de Financiamento Estudantil (Fies)&nbsp;em decorr\u00eancia da crise econ\u00f4mica causada pelo novo coronav\u00edrus. A regulamenta\u00e7\u00e3o do adiamento est\u00e1 em fase final de tramita\u00e7\u00e3o no minist\u00e9rio e ser\u00e1, inicialmente, por 60 dias, podendo ser prorrogada por mais 60. &nbsp;<\/p>\n\n\n\n<p>&#8220;J\u00e1 est\u00e1 encaminhado o pedido, tramitando no Minist\u00e9rio da Economia e no MEC. Ser\u00e3o 60 dias e, se precisar mais 30 e, depois, mais 30&#8221;, detalhou.&nbsp;<\/p>\n\n\n\n<h2 class=\"wp-block-heading\">Ano letivo<\/h2>\n\n\n\n<p>Ainda durante a<em>&nbsp;live<\/em>, Weintraub disse que n\u00e3o h\u00e1 comprometimento do ano letivo por causa da suspens\u00e3o das aulas que ocorre em todo o pa\u00eds. No in\u00edcio do m\u00eas, o presidente Jair Bolsonaro e<a href=\"https:\/\/agenciabrasil.ebc.com.br\/educacao\/noticia\/2020-04\/mp-dispensa-escolas-de-cumprirem-minimo-de-200-dias-letivos\" target=\"_blank\" rel=\"noreferrer noopener\">ditou medida provis\u00f3ria (MP)<\/a>&nbsp;para flexibilizar o n\u00famero m\u00ednimo de 200 dias letivos previstos em lei. &nbsp;&nbsp;<\/p>\n\n\n\n<p>&#8220;O ano letivo n\u00e3o est\u00e1 comprometido. A gente flexibilizou a quest\u00e3o dos 200 dias. Com a flexibiliza\u00e7\u00e3o dos 200 dias, a \u00fanica coisa que a gente pede \u00e9 que as escolas deem um curr\u00edculo de 800 horas\/aulas, e isso pode ser feito de uma forma mais flex\u00edvel&#8221;, disse.&nbsp;<\/p>\n","protected":false},"excerpt":{"rendered":"<p>O ministro da Educa\u00e7\u00e3o, Abraham Weintraub, confirmou hoje (17), durante&nbsp;live&nbsp;em uma rede social, a realiza\u00e7\u00e3o do Exame Nacional do Ensino M\u00e9dio (Enem), na vers\u00e3o imprensa,&hellip; <\/p>\n","protected":false},"author":2,"featured_media":164775,"comment_status":"closed","ping_status":"closed","sticky":false,"template":"","format":"standard","meta":{"sfsi_plus_gutenberg_text_before_share":"","sfsi_plus_gutenberg_show_text_before_share":"","sfsi_plus_gutenberg_icon_type":"","sfsi_plus_gutenberg_icon_alignemt":"","sfsi_plus_gutenburg_max_per_row":"","footnotes":""},"categories":[2],"tags":[],"class_list":["post-164774","post","type-post","status-publish","format-standard","has-post-thumbnail","hentry","category-geral"],"_links":{"self":[{"href":"https:\/\/www.caririemacao.com\/1\/wp-json\/wp\/v2\/posts\/164774","targetHints":{"allow":["GET"]}}],"collection":[{"href":"https:\/\/www.caririemacao.com\/1\/wp-json\/wp\/v2\/posts"}],"about":[{"href":"https:\/\/www.caririemacao.com\/1\/wp-json\/wp\/v2\/types\/post"}],"author":[{"embeddable":true,"href":"https:\/\/www.caririemacao.com\/1\/wp-json\/wp\/v2\/users\/2"}],"replies":[{"embeddable":true,"href":"https:\/\/www.caririemacao.com\/1\/wp-json\/wp\/v2\/comments?post=164774"}],"version-history":[{"count":1,"href":"https:\/\/www.caririemacao.com\/1\/wp-json\/wp\/v2\/posts\/164774\/revisions"}],"predecessor-version":[{"id":164776,"href":"https:\/\/www.caririemacao.com\/1\/wp-json\/wp\/v2\/posts\/164774\/revisions\/164776"}],"wp:featuredmedia":[{"embeddable":true,"href":"https:\/\/www.caririemacao.com\/1\/wp-json\/wp\/v2\/media\/164775"}],"wp:attachment":[{"href":"https:\/\/www.caririemacao.com\/1\/wp-json\/wp\/v2\/media?parent=164774"}],"wp:term":[{"taxonomy":"category","embeddable":true,"href":"https:\/\/www.caririemacao.com\/1\/wp-json\/wp\/v2\/categories?post=164774"},{"taxonomy":"post_tag","embeddable":true,"href":"https:\/\/www.caririemacao.com\/1\/wp-json\/wp\/v2\/tags?post=164774"}],"curies":[{"name":"wp","href":"https:\/\/api.w.org\/{rel}","templated":true}]}}