{"id":164781,"date":"2020-04-19T19:03:06","date_gmt":"2020-04-19T22:03:06","guid":{"rendered":"http:\/\/www.caririemacao.com\/1\/?p=164781"},"modified":"2020-04-19T19:03:08","modified_gmt":"2020-04-19T22:03:08","slug":"prefeitura-de-camalau-entregara-mascaras-a-populacao-nesta-segunda-feira","status":"publish","type":"post","link":"https:\/\/www.caririemacao.com\/1\/2020\/04\/19\/prefeitura-de-camalau-entregara-mascaras-a-populacao-nesta-segunda-feira\/","title":{"rendered":"Prefeitura  de Camala\u00fa entregar\u00e1 m\u00e1scaras a popula\u00e7\u00e3o  nesta segunda-feira"},"content":{"rendered":"\n<p>A Prefeitura Municipal de Camala\u00fa estar\u00e1 nesta segunda-feira, dia 20, entregando m\u00e1scaras de prote\u00e7\u00e3o para as pessoas que passar\u00e3o nas Barreiras sanit\u00e1rias instaladas na cidade.<\/p>\n\n\n\n<p>O prefeito Sandro M\u00f4co destacou a import\u00e2ncia da utiliza\u00e7\u00e3o da m\u00e1scara, uma ferramenta que tem evitado o cont\u00e1gio do covid-19.<\/p>\n\n\n\n<figure class=\"wp-block-image size-large\"><img fetchpriority=\"high\" decoding=\"async\" width=\"1024\" height=\"773\" src=\"http:\/\/www.caririemacao.com\/1\/wp-content\/uploads\/2020\/04\/IMG-20200414-WA0150-1024x773.jpg\" alt=\"\" class=\"wp-image-164783\" srcset=\"https:\/\/www.caririemacao.com\/1\/wp-content\/uploads\/2020\/04\/IMG-20200414-WA0150-1024x773.jpg 1024w, https:\/\/www.caririemacao.com\/1\/wp-content\/uploads\/2020\/04\/IMG-20200414-WA0150-300x226.jpg 300w, https:\/\/www.caririemacao.com\/1\/wp-content\/uploads\/2020\/04\/IMG-20200414-WA0150-768x580.jpg 768w, https:\/\/www.caririemacao.com\/1\/wp-content\/uploads\/2020\/04\/IMG-20200414-WA0150.jpg 1280w\" sizes=\"(max-width: 1024px) 100vw, 1024px\" \/><\/figure>\n\n\n\n<p>&#8220;As m\u00e1scaras estar\u00e3o sendo distribu\u00eddas para todas as pessoas que passarem por essas barreiras sanit\u00e1rias realizadas pela prefeitura, por meio da Secretaria de Sa\u00fade&#8221;, enfatizou o prefeito.<\/p>\n\n\n\n<p>Esta \u00e9 mais uma a\u00e7\u00e3o idealizada pela Prefeitura de Camala\u00fa que visa combater a entrada desta doen\u00e7a no munic\u00edpio. &#8220;Estamos protegendo a popula\u00e7\u00e3o camalauense dessa doen\u00e7a que tanto tem afetado o nosso pa\u00eds, finalizou&#8221;<\/p>\n","protected":false},"excerpt":{"rendered":"<p>A Prefeitura Municipal de Camala\u00fa estar\u00e1 nesta segunda-feira, dia 20, entregando m\u00e1scaras de prote\u00e7\u00e3o para as pessoas que passar\u00e3o nas Barreiras sanit\u00e1rias instaladas na cidade.&hellip; <\/p>\n","protected":false},"author":2,"featured_media":164782,"comment_status":"closed","ping_status":"closed","sticky":false,"template":"","format":"standard","meta":{"sfsi_plus_gutenberg_text_before_share":"","sfsi_plus_gutenberg_show_text_before_share":"","sfsi_plus_gutenberg_icon_type":"","sfsi_plus_gutenberg_icon_alignemt":"","sfsi_plus_gutenburg_max_per_row":"","footnotes":""},"categories":[6,50],"tags":[],"class_list":["post-164781","post","type-post","status-publish","format-standard","has-post-thumbnail","hentry","category-cidades","category-destaque"],"_links":{"self":[{"href":"https:\/\/www.caririemacao.com\/1\/wp-json\/wp\/v2\/posts\/164781","targetHints":{"allow":["GET"]}}],"collection":[{"href":"https:\/\/www.caririemacao.com\/1\/wp-json\/wp\/v2\/posts"}],"about":[{"href":"https:\/\/www.caririemacao.com\/1\/wp-json\/wp\/v2\/types\/post"}],"author":[{"embeddable":true,"href":"https:\/\/www.caririemacao.com\/1\/wp-json\/wp\/v2\/users\/2"}],"replies":[{"embeddable":true,"href":"https:\/\/www.caririemacao.com\/1\/wp-json\/wp\/v2\/comments?post=164781"}],"version-history":[{"count":1,"href":"https:\/\/www.caririemacao.com\/1\/wp-json\/wp\/v2\/posts\/164781\/revisions"}],"predecessor-version":[{"id":164784,"href":"https:\/\/www.caririemacao.com\/1\/wp-json\/wp\/v2\/posts\/164781\/revisions\/164784"}],"wp:featuredmedia":[{"embeddable":true,"href":"https:\/\/www.caririemacao.com\/1\/wp-json\/wp\/v2\/media\/164782"}],"wp:attachment":[{"href":"https:\/\/www.caririemacao.com\/1\/wp-json\/wp\/v2\/media?parent=164781"}],"wp:term":[{"taxonomy":"category","embeddable":true,"href":"https:\/\/www.caririemacao.com\/1\/wp-json\/wp\/v2\/categories?post=164781"},{"taxonomy":"post_tag","embeddable":true,"href":"https:\/\/www.caririemacao.com\/1\/wp-json\/wp\/v2\/tags?post=164781"}],"curies":[{"name":"wp","href":"https:\/\/api.w.org\/{rel}","templated":true}]}}