{"id":164789,"date":"2020-04-20T06:59:57","date_gmt":"2020-04-20T09:59:57","guid":{"rendered":"http:\/\/www.caririemacao.com\/1\/?p=164789"},"modified":"2020-04-20T06:59:59","modified_gmt":"2020-04-20T09:59:59","slug":"bolsonaro-participa-de-ato-publico-que-defende-intervencao-militar-no-brasil","status":"publish","type":"post","link":"https:\/\/www.caririemacao.com\/1\/2020\/04\/20\/bolsonaro-participa-de-ato-publico-que-defende-intervencao-militar-no-brasil\/","title":{"rendered":"Bolsonaro participa de ato p\u00fablico que defende interven\u00e7\u00e3o militar no Brasil"},"content":{"rendered":"\n<p>Em cima da ca\u00e7amba de uma caminhonete, diante do quartel-general do Ex\u00e9rcito e se dirigindo a uma<a href=\"https:\/\/paraibaonline.com.br\/2020\/04\/pressao-carreatas-pelo-brasil-cobram-o-fim-do-isolamento-social\/\">&nbsp;aglomera\u00e7\u00e3o de pessoas<\/a>&nbsp;pr\u00f3-interven\u00e7\u00e3o militar no Brasil, o presidente Jair Bolsonaro (sem partido) afirmou neste domingo (19) que \u201cacabou a \u00e9poca da patifaria\u201d e gritou palavras de ordem como \u201cagora \u00e9 o povo no poder\u201d e \u201cn\u00e3o queremos negociar nada\u201d.<\/p>\n\n\n\n<p>\u201cN\u00f3s n\u00e3o queremos negociar nada. N\u00f3s queremos a\u00e7\u00e3o pelo Brasil\u201d, declarou o presidente, que participou pelo segundo dia seguido de manifesta\u00e7\u00e3o em Bras\u00edlia, provocando aglomera\u00e7\u00f5es em meio \u00e0 pandemia do coronav\u00edrus. \u201cChega da velha pol\u00edtica. Agora \u00e9 Brasil acima de tudo e Deus acima de todos.\u201d<\/p>\n\n\n\n<p>\u201cTodos t\u00eam que ser patriotas, acreditar e fazer sua parte para colocar o Brasil no lugar de destaque que ele merece. Acabou a \u00e9poca da patifaria. \u00c9 agora o povo no poder. Mais que direito, voc\u00eas t\u00eam a obriga\u00e7\u00e3o de lutar pelo pa\u00eds de voc\u00eas\u201d, afirmou Bolsonaro, que tossiu e levou a m\u00e3o \u00e0 boca ao final do discurso.<\/p>\n\n\n\n<p>\u201cO que tinha de velho ficou para tr\u00e1s. N\u00f3s temos um novo Brasil pela frente\u201d, afirmou Bolsonaro. \u201cTodos no Brasil t\u00eam que entender que est\u00e3o submissos \u00e0 vontade do povo brasileiro.\u201d<\/p>\n\n\n\n<p>A escalada do tom de Bolsonaro ocorre em um momento de isolamento pol\u00edtico do presidente. Reportagem da Folha de S.Paulo deste s\u00e1bado mostrou que os advers\u00e1rios de Bolsonaro, e hoje ele os tem em todas as esferas de poder, desistiram de uma acomoda\u00e7\u00e3o com o presidente.<\/p>\n\n\n\n<p>A avalia\u00e7\u00e3o prevalente, ouvida pela reportagem nas c\u00fapulas do Legislativo, do Judici\u00e1rio e em estados, \u00e9 a de um paradoxo: a fraqueza pol\u00edtica de Bolsonaro s\u00f3 tende a acirrar sua agressividade no embate, o que ocorreu neste final de semana em Bras\u00edlia.<\/p>\n\n\n\n<p>No s\u00e1bado, na rampa do Planalto diante da Pra\u00e7a dos Tr\u00eas Poderes, Bolsonaro afirmou que a pol\u00edtica de enfrentamento ao novo coronav\u00edrus \u201cmudou um pouco\u201d desde a sexta (17) -quando houve a troca de Luiz Henrique Mandetta por Nelson Teich no Minist\u00e9rio da Sa\u00fade- e voltou a se queixar de prefeitos e governadores por adotarem medidas de isolamento social.<\/p>\n\n\n\n<p>Bolsonaro tamb\u00e9m responsabilizou o STF (Supremo Tribunal Federal) por determinar que os demais entes federados t\u00eam poder para ordenar o fechamento de com\u00e9rcios. Neste momento do v\u00eddeo em que falou aos seguidores, Bolsonaro apontou o dedo para a sede do Supremo, do outro lado da pra\u00e7a.<\/p>\n\n\n\n<p>S\u00f3 na semana passada, o presidente criticou o Supremo Tribunal Federal, sugeriu que o presidente da C\u00e2mara, Rodrigo Maia, conspirava para derrub\u00e1-lo e ainda agudizou a crise do coronav\u00edrus ao demitir seu ministro da Sa\u00fade.<\/p>\n\n\n\n<p>O presidente nega a gravidade da pandemia e promove passeios e aglomera\u00e7\u00f5es em Bras\u00edlia, ao contr\u00e1rio do que recomenda a OMS. Bolsonaro demitiu seu ent\u00e3o ministro da Sa\u00fade, Luiz Henrique Mandetta, por discordar de seu posicionamento t\u00e9cnico sobre a pandemia.<\/p>\n\n\n\n<p>Al\u00e9m da gest\u00e3o Bolsonaro, outros governos que ignoram a seriedade da doen\u00e7a s\u00e3o Turcomenist\u00e3o, Nicar\u00e1gua e Belarus.<\/p>\n\n\n\n<p>Como mostrou a Folha de S.Paulo neste domingo, Bolsonaro tem intensificado estrat\u00e9gia de blindagem pol\u00edtica para tentar evitar que os efeitos da pandemia sejam usados contra ele na disputa eleitoral de 2022.<\/p>\n\n\n\n<p>O plano consiste, neste primeiro momento, na defesa p\u00fablica de que o coronav\u00edrus se trata de uma adversidade pequena, que n\u00e3o justifica medidas restritivas que podem aumentar o desemprego no pa\u00eds.<\/p>\n\n\n\n<p>A ideia \u00e9 que, ao se antecipar agora sobre os impactos econ\u00f4micos que s\u00e3o praticamente inevit\u00e1veis, o presidente explore, na corrida eleitoral, a ret\u00f3rica de que a sua postura era desde o in\u00edcio a mais acertada, mesmo que contrariando as recomenda\u00e7\u00f5es das autoridades de sa\u00fade.<\/p>\n\n\n\n<figure class=\"wp-block-image\"><img decoding=\"async\" data-src=\"https:\/\/paraibaonline.com.br\/wp-content\/uploads\/2020\/04\/bolsonaro-do-556x417.jpeg\" alt=\"Foto: Pedro Ladeira\/Folhapress\" class=\"wp-image-851136 lazyload\" src=\"data:image\/svg+xml;base64,PHN2ZyB3aWR0aD0iMSIgaGVpZ2h0PSIxIiB4bWxucz0iaHR0cDovL3d3dy53My5vcmcvMjAwMC9zdmciPjwvc3ZnPg==\" style=\"--smush-placeholder-width: 556px; --smush-placeholder-aspect-ratio: 556\/417;\" \/><\/figure>\n\n\n\n<p>Foto: Pedro Ladeira\/Folhapress<\/p>\n\n\n\n<p>Neste domingo, al\u00e9m de Bras\u00edlia, h\u00e1 manifesta\u00e7\u00f5es em curso em diferentes pontos do pa\u00eds, como Salvador, S\u00e3o Paulo e Manaus. Al\u00e9m de ataques ao Supremo e ao Congresso e de pedidos pela volta do regime militar, os manifestantes pedem a volta ao trabalho e a abertura do com\u00e9rcio.<\/p>\n\n\n\n<p>H\u00e1 discursos em defesa do isolamento vertical, quando s\u00f3 os grupos de risco ficam em isolamento. Em Bras\u00edlia, no ato que teve a participa\u00e7\u00e3o de Bolsonaro, a volta \u00e0 normalidade e a reabertura do com\u00e9rcio tamb\u00e9m estavam na pauta dos manifestantes.<\/p>\n\n\n\n<p>No quartel-general do Ex\u00e9rcito, o grupo era formado por algumas centenas de pessoas, muitos com faixas pedindo um novo AI-5 e interven\u00e7\u00e3o militar. Ao verem Bolsonaro chegar, os manifestantes se aglomeraram para ouvir o presidente.<\/p>\n\n\n\n<p>Al\u00e9m de defender o governo e clamar por um novo AI-5 -o mais radical ato institucional da ditadura militar (1964-1985), que abriu caminho para o recrudescimento da repress\u00e3o- os manifestantes aglomerados em frente ao quartel-general defenderam o fechamento do STF e miraram no presidente da C\u00e2mara, Rodrigo Maia .<\/p>\n\n\n\n<p>As carreatas pelo pa\u00eds com apoio de Bolsonaro neste domingo ocorrem no momento em que o n\u00famero de mortes pelo coronav\u00edrus chegou a 2.347 no Brasil. Em 24 horas, foram registrados 206 \u00f3bitos pela doen\u00e7a. Os dados foram divulgados neste s\u00e1bado pelo Minist\u00e9rio da Sa\u00fade. Ao todo, s\u00e3o 36.599 casos confirmados.<\/p>\n\n\n\n<p>De acordo com o balan\u00e7o, o \u00edndice de letalidade do novo v\u00edrus, em rela\u00e7\u00e3o ao total de casos, est\u00e1 em 6,4%. No dia anterior eram 33.682 casos e 2.141 mortes.<\/p>\n\n\n\n<p>O minist\u00e9rio, por\u00e9m, afirma que a tend\u00eancia \u00e9 que o n\u00famero real de casos seja maior, j\u00e1 que apenas pacientes internados em hospitais fazem testes e h\u00e1 casos que ainda esperam confirma\u00e7\u00e3o. Reportagem da Folha de S.Paulo mostrou que equipes de aten\u00e7\u00e3o b\u00e1sica em v\u00e1rias cidades e estados afirmam que tem havido subnotifica\u00e7\u00e3o.<\/p>\n\n\n\n<p>As carreatas pelo fim do isolamento ocorrem no momento em que apoio \u00e0 quarentena como forma de evitar a dissemina\u00e7\u00e3o do novo coronav\u00edrus sofreu uma queda nas duas \u00faltimas semanas, mas ainda \u00e9 majorit\u00e1ria entre os brasileiros.<\/p>\n\n\n\n<p>Segundo o Datafolha, s\u00e3o 68% aqueles que dizem acreditar que ficar em casa para conter o v\u00edrus \u00e9 mais importante, ainda que isso prejudique a economia e gere desemprego.<\/p>\n\n\n\n<p>No levantamento anterior do instituto, feito de 1\u00ba a 3 de abril, eram 76%. A pesquisa atual ouviu 1.606 pessoas na sexta (17) e tem margem de erro de tr\u00eas pontos percentuais.<\/p>\n","protected":false},"excerpt":{"rendered":"<p>Em cima da ca\u00e7amba de uma caminhonete, diante do quartel-general do Ex\u00e9rcito e se dirigindo a uma&nbsp;aglomera\u00e7\u00e3o de pessoas&nbsp;pr\u00f3-interven\u00e7\u00e3o militar no Brasil, o presidente Jair&hellip; <\/p>\n","protected":false},"author":2,"featured_media":164790,"comment_status":"closed","ping_status":"closed","sticky":false,"template":"","format":"standard","meta":{"sfsi_plus_gutenberg_text_before_share":"","sfsi_plus_gutenberg_show_text_before_share":"","sfsi_plus_gutenberg_icon_type":"","sfsi_plus_gutenberg_icon_alignemt":"","sfsi_plus_gutenburg_max_per_row":"","footnotes":""},"categories":[2],"tags":[],"class_list":["post-164789","post","type-post","status-publish","format-standard","has-post-thumbnail","hentry","category-geral"],"_links":{"self":[{"href":"https:\/\/www.caririemacao.com\/1\/wp-json\/wp\/v2\/posts\/164789","targetHints":{"allow":["GET"]}}],"collection":[{"href":"https:\/\/www.caririemacao.com\/1\/wp-json\/wp\/v2\/posts"}],"about":[{"href":"https:\/\/www.caririemacao.com\/1\/wp-json\/wp\/v2\/types\/post"}],"author":[{"embeddable":true,"href":"https:\/\/www.caririemacao.com\/1\/wp-json\/wp\/v2\/users\/2"}],"replies":[{"embeddable":true,"href":"https:\/\/www.caririemacao.com\/1\/wp-json\/wp\/v2\/comments?post=164789"}],"version-history":[{"count":1,"href":"https:\/\/www.caririemacao.com\/1\/wp-json\/wp\/v2\/posts\/164789\/revisions"}],"predecessor-version":[{"id":164791,"href":"https:\/\/www.caririemacao.com\/1\/wp-json\/wp\/v2\/posts\/164789\/revisions\/164791"}],"wp:featuredmedia":[{"embeddable":true,"href":"https:\/\/www.caririemacao.com\/1\/wp-json\/wp\/v2\/media\/164790"}],"wp:attachment":[{"href":"https:\/\/www.caririemacao.com\/1\/wp-json\/wp\/v2\/media?parent=164789"}],"wp:term":[{"taxonomy":"category","embeddable":true,"href":"https:\/\/www.caririemacao.com\/1\/wp-json\/wp\/v2\/categories?post=164789"},{"taxonomy":"post_tag","embeddable":true,"href":"https:\/\/www.caririemacao.com\/1\/wp-json\/wp\/v2\/tags?post=164789"}],"curies":[{"name":"wp","href":"https:\/\/api.w.org\/{rel}","templated":true}]}}