{"id":164793,"date":"2020-04-20T07:01:21","date_gmt":"2020-04-20T10:01:21","guid":{"rendered":"http:\/\/www.caririemacao.com\/1\/?p=164793"},"modified":"2020-04-20T07:01:23","modified_gmt":"2020-04-20T10:01:23","slug":"governo-do-estado-monta-forca-tarefa-para-reduzir-demanda-por-seguro-desemprego","status":"publish","type":"post","link":"https:\/\/www.caririemacao.com\/1\/2020\/04\/20\/governo-do-estado-monta-forca-tarefa-para-reduzir-demanda-por-seguro-desemprego\/","title":{"rendered":"Governo do Estado monta for\u00e7a-tarefa para reduzir demanda por Seguro Desemprego"},"content":{"rendered":"\n<p>O Governo do Estado, em parceria com a Superintend\u00eancia Regional do Trabalho, vai montar, a partir desta segunda-feira (20), uma for\u00e7a-tarefa para reduzir a demanda de trabalhadores que necessitam dar entrada no Seguro Desemprego e que est\u00e3o encontrando dificuldades nos dispositivos eletr\u00f4nicos.<\/p>\n\n\n\n<p>Para isso, o Sine Estadual, vinculado \u00e0 Secretaria de Estado do Desenvolvimento Humano, vai disponibilizar canais para atendimento presencial e tira-d\u00favidas.<\/p>\n\n\n\n<p>Muitos trabalhadores t\u00eam encontrado dificuldades para dar entrada no processo do Seguro Desemprego nos dispositivos digitais, a exemplo do aplicativo Minha Carteira Digital. Para diminuir a fila de espera, o Sine-PB vai disponibilizar um e-mail para agendar atendimento presencial e telefones para tirar d\u00favidas de quem n\u00e3o conseguiu concluir o processo nos meios eletr\u00f4nicos.<\/p>\n\n\n\n<p>O gerente executivo de Trabalho, Emprego e Renda, Thiago Diniz, destacou a import\u00e2ncia da iniciativa.<\/p>\n\n\n\n<p>\u201cSabemos que, por conta da pandemia, muitos trabalhadores ter\u00e3o como fonte de renda apenas o Seguro Desemprego, e vinham enfrentando dificuldades para dar entrada no benef\u00edcio. Para auxiliar esses trabalhadores neste momento t\u00e3o dif\u00edcil, vamos montar essa for\u00e7a tarefa em parceria com a Superintend\u00eancia Regional do Trabalho, reduzindo essa grande demanda\u201d, disse.<\/p>\n\n\n\n<p>O atendimento presencial poder\u00e1 ser agendado pelo e-mail&nbsp;<a href=\"mailto:sinepbsegurodesemprego@gmail.com\" target=\"_blank\" rel=\"noreferrer noopener\">sinepbsegurodesemprego@gmail.com<\/a>&nbsp;. J\u00e1 as d\u00favidas de quem est\u00e1 apenas precisando concluir o processo nos dispositivos eletr\u00f4nicos podem ser tiradas pelos telefones 3218-6600 ou 3218-6614.<\/p>\n\n\n\n<p><strong>Procedimentos<\/strong>&nbsp;\u2013 Para evitar aglomera\u00e7\u00f5es de pessoas, ser\u00e3o atendidos apenas 30 trabalhadores na sede do Sine Estadual, como ressaltou o gerente executivo de Trabalho, Emprego e Renda, Thiago Diniz. \u201cAl\u00e9m disso, todos os usu\u00e1rios dever\u00e3o usar m\u00e1scaras e s\u00f3 ser\u00e3o atendidos os que tiverem realizado o agendamento por e-mail\u201d, acrescentou.<\/p>\n\n\n\n<p>O atendimento presencial ser\u00e1 feito de segunda a quinta, das 9h ao meio-dia e das 13h \u00e0s 16h, com 15 usu\u00e1rios sendo atendidos pela manh\u00e3 e mais 15 \u00e0 tarde.<\/p>\n\n\n\n<p>Para dar entrada no Seguro Desemprego, s\u00e3o necess\u00e1rios os seguintes documentos: Requerimento do Seguro Desemprego (duas vias), Rescis\u00e3o do Termo de Contrato de Trabalho e Homologa\u00e7\u00e3o, al\u00e9m de documentos pessoais (RG, CPF e Carteira de Trabalho).<\/p>\n","protected":false},"excerpt":{"rendered":"<p>O Governo do Estado, em parceria com a Superintend\u00eancia Regional do Trabalho, vai montar, a partir desta segunda-feira (20), uma for\u00e7a-tarefa para reduzir a demanda&hellip; <\/p>\n","protected":false},"author":2,"featured_media":164794,"comment_status":"closed","ping_status":"closed","sticky":false,"template":"","format":"standard","meta":{"sfsi_plus_gutenberg_text_before_share":"","sfsi_plus_gutenberg_show_text_before_share":"","sfsi_plus_gutenberg_icon_type":"","sfsi_plus_gutenberg_icon_alignemt":"","sfsi_plus_gutenburg_max_per_row":"","footnotes":""},"categories":[2],"tags":[],"class_list":["post-164793","post","type-post","status-publish","format-standard","has-post-thumbnail","hentry","category-geral"],"_links":{"self":[{"href":"https:\/\/www.caririemacao.com\/1\/wp-json\/wp\/v2\/posts\/164793","targetHints":{"allow":["GET"]}}],"collection":[{"href":"https:\/\/www.caririemacao.com\/1\/wp-json\/wp\/v2\/posts"}],"about":[{"href":"https:\/\/www.caririemacao.com\/1\/wp-json\/wp\/v2\/types\/post"}],"author":[{"embeddable":true,"href":"https:\/\/www.caririemacao.com\/1\/wp-json\/wp\/v2\/users\/2"}],"replies":[{"embeddable":true,"href":"https:\/\/www.caririemacao.com\/1\/wp-json\/wp\/v2\/comments?post=164793"}],"version-history":[{"count":1,"href":"https:\/\/www.caririemacao.com\/1\/wp-json\/wp\/v2\/posts\/164793\/revisions"}],"predecessor-version":[{"id":164795,"href":"https:\/\/www.caririemacao.com\/1\/wp-json\/wp\/v2\/posts\/164793\/revisions\/164795"}],"wp:featuredmedia":[{"embeddable":true,"href":"https:\/\/www.caririemacao.com\/1\/wp-json\/wp\/v2\/media\/164794"}],"wp:attachment":[{"href":"https:\/\/www.caririemacao.com\/1\/wp-json\/wp\/v2\/media?parent=164793"}],"wp:term":[{"taxonomy":"category","embeddable":true,"href":"https:\/\/www.caririemacao.com\/1\/wp-json\/wp\/v2\/categories?post=164793"},{"taxonomy":"post_tag","embeddable":true,"href":"https:\/\/www.caririemacao.com\/1\/wp-json\/wp\/v2\/tags?post=164793"}],"curies":[{"name":"wp","href":"https:\/\/api.w.org\/{rel}","templated":true}]}}