{"id":164799,"date":"2020-04-20T07:05:46","date_gmt":"2020-04-20T10:05:46","guid":{"rendered":"http:\/\/www.caririemacao.com\/1\/?p=164799"},"modified":"2020-04-20T07:05:49","modified_gmt":"2020-04-20T10:05:49","slug":"pb-registra-tres-mortes-por-coronavirus-no-fim-de-semana-casos-confirmados-aumentam","status":"publish","type":"post","link":"https:\/\/www.caririemacao.com\/1\/2020\/04\/20\/pb-registra-tres-mortes-por-coronavirus-no-fim-de-semana-casos-confirmados-aumentam\/","title":{"rendered":"PB registra tr\u00eas mortes por coronav\u00edrus no fim de semana; Casos confirmados aumentam"},"content":{"rendered":"\n<p>A Secretaria de Estado da Sa\u00fade divulgou novo boletim epidemiol\u00f3gico, referente ao n\u00famero de casos confirmados e aumento no n\u00famero de mortes causadas pela Covid-19 na Para\u00edba.<\/p>\n\n\n\n<p>De acordo com os dados, de ontem, 18, para hoje, 19, nove pessoas testaram positivo para coronav\u00edrus, todas em Jo\u00e3o Pessoa.<\/p>\n\n\n\n<p><a href=\"https:\/\/paraibaonline.com.br\/2020\/04\/paraiba-registra-aumento-de-31-novos-casos-da-covid-19-4-deles-em-campina-grande\/\">Enquanto que no s\u00e1bado foram registrados 236 casos na Para\u00edba,<\/a>&nbsp;o boletim deste domingo traz 245. Destes, 99 j\u00e1 se recuperaram, 31 est\u00e3o hospitalizados (10 deles em leitos de UTI) e 32 morreram. Os demais se recuperam em isolamento domiciliar acompanhados pelas secretarias municipais de sa\u00fade.<\/p>\n\n\n\n<p>As tr\u00eas mortes registradas nas \u00faltimas 24 horas no estado, s\u00e3o:&nbsp;<a href=\"https:\/\/paraibaonline.com.br\/2020\/04\/mulher-e-a-1a-vitima-fatal-do-coronavirus-dentro-de-campina-grande\/\">uma mulher de 41 anos, residente em Campina Grande, e sem doen\u00e7a preexistente.<\/a>&nbsp;Ela estava internada no Hospital Municipal Pedro I desde o \u00faltimo dia 10.<\/p>\n\n\n\n<p>O segundo caso se trata de uma mulher de 84 anos, portadora de comorbidades respirat\u00f3rias. Havia sido internada no dia 14 de abril, em hospital privado de Jo\u00e3o Pessoa.<\/p>\n\n\n\n<p>O terceiro caso \u00e9 um homem, 81 anos, sem informa\u00e7\u00f5es pr\u00e9vias de comorbidade. Residia em Jo\u00e3o Pessoa e foi internado em um hospital p\u00fablico no dia 15.<\/p>\n\n\n\n<p>Os casos est\u00e3o distribu\u00eddos em 18 munic\u00edpios: Jo\u00e3o Pessoa (172), Santa Rita (20), Campina Grande (12), Cabedelo (9), Bayeux (8), Patos (8), Junco do Serid\u00f3 (3), Pombal (2), Serra Branca (1), Sap\u00e9 (2),&nbsp; Sousa (1), Igaracy (1), Tapero\u00e1 (1), S\u00e3o Jo\u00e3o do Rio do Peixe (1), Riach\u00e3o do Po\u00e7o (1), S\u00e3o Bento (1), Congo (1), Queimadas (1).<\/p>\n\n\n\n<p>No momento, 163 pessoas est\u00e3o internadas com notifica\u00e7\u00e3o de suspeita para Covid-19, sendo 125 em enfermaria (80 p\u00fablico\/ 45 privado) e 38 na UTI (22 p\u00fablico\/ 13 privado). A taxa de ocupa\u00e7\u00e3o dos leitos SUS na UTI para s\u00edndrome respirat\u00f3ria aguda grave \u00e9 de 20,8%.<\/p>\n","protected":false},"excerpt":{"rendered":"<p>A Secretaria de Estado da Sa\u00fade divulgou novo boletim epidemiol\u00f3gico, referente ao n\u00famero de casos confirmados e aumento no n\u00famero de mortes causadas pela Covid-19&hellip; <\/p>\n","protected":false},"author":2,"featured_media":164800,"comment_status":"closed","ping_status":"closed","sticky":false,"template":"","format":"standard","meta":{"sfsi_plus_gutenberg_text_before_share":"","sfsi_plus_gutenberg_show_text_before_share":"","sfsi_plus_gutenberg_icon_type":"","sfsi_plus_gutenberg_icon_alignemt":"","sfsi_plus_gutenburg_max_per_row":"","footnotes":""},"categories":[2],"tags":[],"class_list":["post-164799","post","type-post","status-publish","format-standard","has-post-thumbnail","hentry","category-geral"],"_links":{"self":[{"href":"https:\/\/www.caririemacao.com\/1\/wp-json\/wp\/v2\/posts\/164799","targetHints":{"allow":["GET"]}}],"collection":[{"href":"https:\/\/www.caririemacao.com\/1\/wp-json\/wp\/v2\/posts"}],"about":[{"href":"https:\/\/www.caririemacao.com\/1\/wp-json\/wp\/v2\/types\/post"}],"author":[{"embeddable":true,"href":"https:\/\/www.caririemacao.com\/1\/wp-json\/wp\/v2\/users\/2"}],"replies":[{"embeddable":true,"href":"https:\/\/www.caririemacao.com\/1\/wp-json\/wp\/v2\/comments?post=164799"}],"version-history":[{"count":1,"href":"https:\/\/www.caririemacao.com\/1\/wp-json\/wp\/v2\/posts\/164799\/revisions"}],"predecessor-version":[{"id":164801,"href":"https:\/\/www.caririemacao.com\/1\/wp-json\/wp\/v2\/posts\/164799\/revisions\/164801"}],"wp:featuredmedia":[{"embeddable":true,"href":"https:\/\/www.caririemacao.com\/1\/wp-json\/wp\/v2\/media\/164800"}],"wp:attachment":[{"href":"https:\/\/www.caririemacao.com\/1\/wp-json\/wp\/v2\/media?parent=164799"}],"wp:term":[{"taxonomy":"category","embeddable":true,"href":"https:\/\/www.caririemacao.com\/1\/wp-json\/wp\/v2\/categories?post=164799"},{"taxonomy":"post_tag","embeddable":true,"href":"https:\/\/www.caririemacao.com\/1\/wp-json\/wp\/v2\/tags?post=164799"}],"curies":[{"name":"wp","href":"https:\/\/api.w.org\/{rel}","templated":true}]}}