{"id":164811,"date":"2020-04-20T07:13:01","date_gmt":"2020-04-20T10:13:01","guid":{"rendered":"http:\/\/www.caririemacao.com\/1\/?p=164811"},"modified":"2020-04-20T07:13:04","modified_gmt":"2020-04-20T10:13:04","slug":"maioria-dos-brasileiros-defende-punicao-por-violacao-de-isolamento-social","status":"publish","type":"post","link":"https:\/\/www.caririemacao.com\/1\/2020\/04\/20\/maioria-dos-brasileiros-defende-punicao-por-violacao-de-isolamento-social\/","title":{"rendered":"Maioria dos brasileiros defende puni\u00e7\u00e3o por viola\u00e7\u00e3o de isolamento social"},"content":{"rendered":"\n<p>Maioria expressiva dos brasileiros, 79%, defende algum tipo de puni\u00e7\u00e3o para pessoas que violem regras de quarentena devido ao novo coronav\u00edrus no pa\u00eds.<\/p>\n\n\n\n<p>Desses, contudo, apenas 3% acham que pris\u00e3o seria uma san\u00e7\u00e3o aceit\u00e1vel. J\u00e1 multas t\u00eam apoio de 33% e advert\u00eancias verbais, de 43%.<br>Isso \u00e9 o que revela pesquisa feita pelo Datafolha na sexta-feira (17), que ouviu por telefone 1.606 pessoas. Sua margem de erro \u00e9 de tr\u00eas pontos percentuais para mais ou menos.<\/p>\n\n\n\n<p>A aplica\u00e7\u00e3o de medidas restritivas de circula\u00e7\u00e3o de pessoas entrou no debate p\u00fablico na semana retrasada.<\/p>\n\n\n\n<p>O governador paulista, Jo\u00e3o Doria (PSDB), disse que poderia considerar at\u00e9 a deten\u00e7\u00e3o como recurso \u00faltimo caso a pandemia se agravasse.<\/p>\n\n\n\n<p>Hoje, n\u00e3o h\u00e1 no pa\u00eds quarentena que impe\u00e7a pessoas de ir \u00e0 rua, apenas determinando o fechamento de com\u00e9rcio n\u00e3o essencial.<\/p>\n\n\n\n<p>Doria foi acusado por apoiadores do presidente Jair Bolsonaro (sem partido) de arb\u00edtrio. O tucano recuou e n\u00e3o falou mais no tema. Na sexta (17), ele estendeu a quarentena paulista at\u00e9 10 de maio, sem endurecer regras.<\/p>\n\n\n\n<p>Para 18% dos ouvidos pelo Datafolha, os governos n\u00e3o deveriam ter direitos sobre a circula\u00e7\u00e3o das pessoas. Outros 3% n\u00e3o souberam responder.<\/p>\n\n\n\n<p>O apoio \u00e0s multas \u00e9 mais prevalente entre jovens de 16 a 24 anos e assalariados com carteira registrada, 48%. J\u00e1 as advert\u00eancias t\u00eam maior apoio entre os mais ricos (5 e 10 sal\u00e1rios m\u00ednimos, 53%, e de 10 sal\u00e1rios para cima, 51%).<\/p>\n\n\n\n<p>Tamb\u00e9m \u00e9 mais alta do que a m\u00e9dia nacional, 51%, a parcela daqueles que concordam com esse tipo mais leve de puni\u00e7\u00e3o na regi\u00e3o Sul, reduto do bolsonarismo no pa\u00eds.<\/p>\n\n\n\n<figure class=\"wp-block-image\"><img decoding=\"async\" data-src=\"https:\/\/paraibaonline.com.br\/wp-content\/uploads\/2020\/04\/ujujuj-4-567x378.jpg\" alt=\"Foto: Bruno Kelly\/Amaz\u00f4nia Real\" class=\"wp-image-851096 lazyload\" src=\"data:image\/svg+xml;base64,PHN2ZyB3aWR0aD0iMSIgaGVpZ2h0PSIxIiB4bWxucz0iaHR0cDovL3d3dy53My5vcmcvMjAwMC9zdmciPjwvc3ZnPg==\" style=\"--smush-placeholder-width: 567px; --smush-placeholder-aspect-ratio: 567\/378;\" \/><\/figure>\n\n\n\n<p>Foto: Bruno Kelly\/Amaz\u00f4nia Real<\/p>\n\n\n\n<p>Na sexta, pesquisa Datafolha indicava uma estabiliza\u00e7\u00e3o da aprova\u00e7\u00e3o ao trabalho de Bolsonaro, que registrou 36% de \u00f3timo e bom, ante 38% de ruim e p\u00e9ssimo. J\u00e1 governadores tiveram seu trabalho aprovado por 54%.<\/p>\n\n\n\n<p>O Datafolha indica const\u00e2ncia na forma com que os brasileiros est\u00e3o se cuidando ante a Covid-19, em rela\u00e7\u00e3o \u00e0 rodada anterior da pesquisa, feita de 1\u00ba a 3 de abril. Dizem que vivem a vida como antes apenas 4% dos ouvidos, mesmo \u00edndice apurado h\u00e1 duas semanas.<\/p>\n\n\n\n<p>Entre os que se cuidam, mas ainda saem de suas casas eventualmente para trabalhar, o \u00edndice oscilou de 24% para 26%.<\/p>\n\n\n\n<p>J\u00e1 entre os que s\u00f3 saem quando \u00e9 inevit\u00e1vel oscilaram negativamente, de 54% para 50%, enquanto os que se isolaram totalmente oscilaram para cima, de 18% a 21%.<\/p>\n\n\n\n<p>A pesquisa mostra uma tend\u00eancia de alta, ainda dentro da margem de erro, na percep\u00e7\u00e3o de que os brasileiros est\u00e3o se preocupando menos do que deveriam com a pandemia.<\/p>\n\n\n\n<p>No primeiro levantamento, de 18 a 20 de mar\u00e7o, 44% achavam isso. No de 1\u00ba a 3 de abril, eram 46%, e agora, 49%.<\/p>\n\n\n\n<p>Enquanto isso, ficou est\u00e1vel a avalia\u00e7\u00e3o de que a preocupa\u00e7\u00e3o \u00e9 excessiva e caiu, no limite da margem, aqueles que acreditam que ela est\u00e1 na medida certa (34% a 33% a 27%, respectivamente).<\/p>\n\n\n\n<p>A pesquisa telef\u00f4nica, utilizada no Datafolha, procura representar o total da popula\u00e7\u00e3o adulta do pa\u00eds, mas n\u00e3o se compara \u00e0 efic\u00e1cia das pesquisas presenciais feitas nas ruas ou nos domic\u00edlios.<\/p>\n\n\n\n<p>O m\u00e9todo telef\u00f4nico exige question\u00e1rios r\u00e1pidos, sem utiliza\u00e7\u00e3o de est\u00edmulos visuais, como cart\u00e3o com nomes de candidatos. Al\u00e9m disso, torna mais dif\u00edcil o contato com os que n\u00e3o podem atender liga\u00e7\u00f5es durante determinados per\u00edodos do dia, especialmente os de estratos de baixa classifica\u00e7\u00e3o econ\u00f4mica.<\/p>\n\n\n\n<p>Assim, mesmo com a distribui\u00e7\u00e3o da amostra seguindo cotas de sexo e idade dentro de cada macrorregi\u00e3o, e da posterior pondera\u00e7\u00e3o dos resultados segundo escolaridade, os dados devem ser analisados com alguma cautela.<\/p>\n\n\n\n<p>Na pesquisa desta sexta-feira, em que se evitou o contato pessoal entre pesquisadores e respondentes, o Datafolha adotou as recomenda\u00e7\u00f5es t\u00e9cnicas necess\u00e1rias para que os resultados se aproximem ao m\u00e1ximo do universo que se pretende representar.<\/p>\n\n\n\n<p>Foram entrevistados 1.606 adultos que possuem telefone celular em todas as regi\u00f5es e estados do pa\u00eds. A margem de erro da pesquisa \u00e9 de tr\u00eas pontos percentuais.<\/p>\n","protected":false},"excerpt":{"rendered":"<p>Maioria expressiva dos brasileiros, 79%, defende algum tipo de puni\u00e7\u00e3o para pessoas que violem regras de quarentena devido ao novo coronav\u00edrus no pa\u00eds. Desses, contudo,&hellip; <\/p>\n","protected":false},"author":2,"featured_media":164813,"comment_status":"closed","ping_status":"closed","sticky":false,"template":"","format":"standard","meta":{"sfsi_plus_gutenberg_text_before_share":"","sfsi_plus_gutenberg_show_text_before_share":"","sfsi_plus_gutenberg_icon_type":"","sfsi_plus_gutenberg_icon_alignemt":"","sfsi_plus_gutenburg_max_per_row":"","footnotes":""},"categories":[50,2],"tags":[],"class_list":["post-164811","post","type-post","status-publish","format-standard","has-post-thumbnail","hentry","category-destaque","category-geral"],"_links":{"self":[{"href":"https:\/\/www.caririemacao.com\/1\/wp-json\/wp\/v2\/posts\/164811","targetHints":{"allow":["GET"]}}],"collection":[{"href":"https:\/\/www.caririemacao.com\/1\/wp-json\/wp\/v2\/posts"}],"about":[{"href":"https:\/\/www.caririemacao.com\/1\/wp-json\/wp\/v2\/types\/post"}],"author":[{"embeddable":true,"href":"https:\/\/www.caririemacao.com\/1\/wp-json\/wp\/v2\/users\/2"}],"replies":[{"embeddable":true,"href":"https:\/\/www.caririemacao.com\/1\/wp-json\/wp\/v2\/comments?post=164811"}],"version-history":[{"count":1,"href":"https:\/\/www.caririemacao.com\/1\/wp-json\/wp\/v2\/posts\/164811\/revisions"}],"predecessor-version":[{"id":164814,"href":"https:\/\/www.caririemacao.com\/1\/wp-json\/wp\/v2\/posts\/164811\/revisions\/164814"}],"wp:featuredmedia":[{"embeddable":true,"href":"https:\/\/www.caririemacao.com\/1\/wp-json\/wp\/v2\/media\/164813"}],"wp:attachment":[{"href":"https:\/\/www.caririemacao.com\/1\/wp-json\/wp\/v2\/media?parent=164811"}],"wp:term":[{"taxonomy":"category","embeddable":true,"href":"https:\/\/www.caririemacao.com\/1\/wp-json\/wp\/v2\/categories?post=164811"},{"taxonomy":"post_tag","embeddable":true,"href":"https:\/\/www.caririemacao.com\/1\/wp-json\/wp\/v2\/tags?post=164811"}],"curies":[{"name":"wp","href":"https:\/\/api.w.org\/{rel}","templated":true}]}}