{"id":164812,"date":"2020-04-20T07:17:29","date_gmt":"2020-04-20T10:17:29","guid":{"rendered":"http:\/\/www.caririemacao.com\/1\/?p=164812"},"modified":"2020-04-20T07:17:30","modified_gmt":"2020-04-20T10:17:30","slug":"ceara-tem-189-mortes-e-mais-de-3-300-casos-confirmados-da-covid-19","status":"publish","type":"post","link":"https:\/\/www.caririemacao.com\/1\/2020\/04\/20\/ceara-tem-189-mortes-e-mais-de-3-300-casos-confirmados-da-covid-19\/","title":{"rendered":"Cear\u00e1 tem 189 mortes e mais de 3.300 casos confirmados da Covid-19"},"content":{"rendered":"\n<p>O Cear\u00e1 possui agora 3.306 casos confirmados de coronav\u00edrus, e, ainda conforme os dados recentes, outros 9.999 casos est\u00e3o sendo investigados. Ao todo,&nbsp;<strong>98 munic\u00edpios&nbsp;<\/strong>do Estado \u2013 mais da metade \u2013 registram pacientes com Covid-19.&nbsp;<\/p>\n\n\n\n<p>Um total de&nbsp;<strong>15.779 pessoas j\u00e1 foram testadas<\/strong>&nbsp;no Cear\u00e1, e, em&nbsp;quase tr\u00eas horas, 54 novos diagn\u00f3sticos foram confirmados.<\/p>\n\n\n\n<p><a href=\"https:\/\/flourish.studio\/visualisations\/maps\/?utm_source=showcase&amp;utm_campaign=visualisation\/1855094\">A Flourish map<\/a><\/p>\n\n\n\n<p>A quantidade de \u00f3bitos \u00e9 maior em Fortaleza, que soma 148. Os demais foram registrados nas seguintes cidades: Caucaia (5), Maracana\u00fa (5), Eus\u00e9bio (4), Iguatu (4), Horizonte (2), Jaguaribe (2), Limoeiro do Norte (2), Maranguape (2), Acarape (1), Acara\u00fa (1), Aracati (1), Capistrano (1), Cari\u00fas (1), Cascavel (1), Farias Brito (1), Ipueiras (1), Itaitinga (1), Pedra Branca (1), Quixeramobim (1), Salitre (1) , Santa Quit\u00e9ria (1), S\u00e3o Gon\u00e7alo do Amarante (1) e Tiangu\u00e1 (1).&nbsp;<\/p>\n\n\n\n<p>A\u00a0<strong>taxa de letalidade<\/strong>\u00a0da doen\u00e7a no Cear\u00e1 \u00e9 de\u00a0<strong>5,7%<\/strong>. As faixas et\u00e1rias que re\u00fanem a maior quantidade de \u00f3bitos oscilam entre 75 e 80 anos ou mais, para ambos os g\u00eaneros. Ainda de acordo com o boletim do IntegraSUS, morreram 74 pacientes nesse intervalo de idade.<\/p>\n\n\n\n<p>Com Di\u00e1rio do Cear\u00e1<\/p>\n","protected":false},"excerpt":{"rendered":"<p>O Cear\u00e1 possui agora 3.306 casos confirmados de coronav\u00edrus, e, ainda conforme os dados recentes, outros 9.999 casos est\u00e3o sendo investigados. Ao todo,&nbsp;98 munic\u00edpios&nbsp;do Estado&hellip; <\/p>\n","protected":false},"author":1,"featured_media":163952,"comment_status":"closed","ping_status":"closed","sticky":false,"template":"","format":"standard","meta":{"sfsi_plus_gutenberg_text_before_share":"","sfsi_plus_gutenberg_show_text_before_share":"","sfsi_plus_gutenberg_icon_type":"","sfsi_plus_gutenberg_icon_alignemt":"","sfsi_plus_gutenburg_max_per_row":"","footnotes":""},"categories":[50],"tags":[],"class_list":["post-164812","post","type-post","status-publish","format-standard","has-post-thumbnail","hentry","category-destaque"],"_links":{"self":[{"href":"https:\/\/www.caririemacao.com\/1\/wp-json\/wp\/v2\/posts\/164812","targetHints":{"allow":["GET"]}}],"collection":[{"href":"https:\/\/www.caririemacao.com\/1\/wp-json\/wp\/v2\/posts"}],"about":[{"href":"https:\/\/www.caririemacao.com\/1\/wp-json\/wp\/v2\/types\/post"}],"author":[{"embeddable":true,"href":"https:\/\/www.caririemacao.com\/1\/wp-json\/wp\/v2\/users\/1"}],"replies":[{"embeddable":true,"href":"https:\/\/www.caririemacao.com\/1\/wp-json\/wp\/v2\/comments?post=164812"}],"version-history":[{"count":1,"href":"https:\/\/www.caririemacao.com\/1\/wp-json\/wp\/v2\/posts\/164812\/revisions"}],"predecessor-version":[{"id":164824,"href":"https:\/\/www.caririemacao.com\/1\/wp-json\/wp\/v2\/posts\/164812\/revisions\/164824"}],"wp:featuredmedia":[{"embeddable":true,"href":"https:\/\/www.caririemacao.com\/1\/wp-json\/wp\/v2\/media\/163952"}],"wp:attachment":[{"href":"https:\/\/www.caririemacao.com\/1\/wp-json\/wp\/v2\/media?parent=164812"}],"wp:term":[{"taxonomy":"category","embeddable":true,"href":"https:\/\/www.caririemacao.com\/1\/wp-json\/wp\/v2\/categories?post=164812"},{"taxonomy":"post_tag","embeddable":true,"href":"https:\/\/www.caririemacao.com\/1\/wp-json\/wp\/v2\/tags?post=164812"}],"curies":[{"name":"wp","href":"https:\/\/api.w.org\/{rel}","templated":true}]}}