{"id":164816,"date":"2020-04-20T07:14:54","date_gmt":"2020-04-20T10:14:54","guid":{"rendered":"http:\/\/www.caririemacao.com\/1\/?p=164816"},"modified":"2020-04-20T07:14:56","modified_gmt":"2020-04-20T10:14:56","slug":"saiba-como-doar-parte-do-imposto-de-renda-a-projetos-sociais","status":"publish","type":"post","link":"https:\/\/www.caririemacao.com\/1\/2020\/04\/20\/saiba-como-doar-parte-do-imposto-de-renda-a-projetos-sociais\/","title":{"rendered":"Saiba como doar parte do imposto de renda a projetos sociais"},"content":{"rendered":"\n<p>Usar uma das principais obriga\u00e7\u00f5es anuais do brasileiro&nbsp;para fazer o bem. \u00c9 assim que o contribuinte&nbsp;pode destinar parte do imposto de renda&nbsp;a projetos sociais. A op\u00e7\u00e3o est\u00e1 dispon\u00edvel no pr\u00f3prio programa da declara\u00e7\u00e3o anual, que permite a doa\u00e7\u00e3o de at\u00e9 6% do imposto devido ou&nbsp;da restitui\u00e7\u00e3o. O prazo para&nbsp;entrega da declara\u00e7\u00e3o do imposto de renda foi prorrogado para 30 de junho.<\/p>\n\n\n\n<p>Neste ano, a Receita Federal criou uma novidade. O contribuinte poder\u00e1 doar, diretamente na declara\u00e7\u00e3o, recursos para fundos controlados por conselhos municipais, estaduais e nacionais do idoso. A novidade foi institu\u00edda pela&nbsp;Lei 13.797\/2019, com validade para declara\u00e7\u00f5es a partir de 2020.<\/p>\n\n\n\n<p>At\u00e9 o ano passado, as doa\u00e7\u00f5es para projetos que atendem idosos podiam ser realizadas no decorrer do ano e deduzidas no Imposto de Renda. Com a lei, elas passam a ser feitas diretamente na declara\u00e7\u00e3o, sendo pagas junto com a primeira cota ou cota \u00fanica do imposto.<\/p>\n\n\n\n<p>O mecanismo \u00e9 semelhante ao aplicado em contribui\u00e7\u00f5es a fundos vinculados ao Estatuto da Crian\u00e7a e do Adolescente.<\/p>\n\n\n\n<p>A lista dos fundos que podem receber o dinheiro do contribuinte aparece no pr\u00f3prio programa gerador da declara\u00e7\u00e3o, mas n\u00e3o \u00e9 poss\u00edvel doar para uma entidade espec\u00edfica.<\/p>\n\n\n\n<p>Assim que a doa\u00e7\u00e3o for selecionada, o sistema emitir\u00e1 um Documento de Arrecada\u00e7\u00e3o de Receitas Federais (Darf), que precisa ser pago at\u00e9&nbsp;30 de junho, junto com o Imposto de Renda. A contribui\u00e7\u00e3o n\u00e3o pode ser parcelada.<\/p>\n\n\n\n<p>As doa\u00e7\u00f5es totais est\u00e3o limitadas a 6% do imposto devido ou da restitui\u00e7\u00e3o, com at\u00e9 3% sendo usados para cada categoria. Caso queira, o contribuinte poder\u00e1 doar mais, por\u00e9m o valor n\u00e3o poder\u00e1 ser deduzido do imposto a pagar.<\/p>\n\n\n\n<p><strong>Dedu\u00e7\u00f5es<\/strong><\/p>\n\n\n\n<p>Al\u00e9m das doa\u00e7\u00f5es diretas, o contribuinte pode deduzir, dentro do limite global de 6%, doa\u00e7\u00f5es para tr\u00eas tipos de a\u00e7\u00f5es feitas no ano anterior: incentivos \u00e0 cultura (como doa\u00e7\u00f5es, patroc\u00ednios e contribui\u00e7\u00f5es ao Fundo Nacional da Cultura), incentivos \u00e0 atividade audiovisual, incentivos ao esporte.<\/p>\n\n\n\n<p>O contribuinte pode tamb\u00e9m abater doa\u00e7\u00f5es aos Programas Nacionais de Apoio \u00e0 Aten\u00e7\u00e3o da Sa\u00fade da Pessoa com Defici\u00eancia e de Apoio \u00e0 Aten\u00e7\u00e3o Oncol\u00f3gica. Nesse caso, as dedu\u00e7\u00f5es est\u00e3o limitadas a 1% do imposto apurado na declara\u00e7\u00e3o e n\u00e3o est\u00e3o sujeitas ao limite global.<\/p>\n\n\n\n<p><strong>Como fazer a doa\u00e7\u00e3o<\/strong><\/p>\n\n\n\n<p>Ao preencher a declara\u00e7\u00e3o do Imposto de Renda, o contribuinte pode escolher o fundo do idoso ou do Estatuto da Crian\u00e7a e do Adolescente para o qual quer doar e a esfera de atua\u00e7\u00e3o \u2013 nacional, estadual ou municipal.<\/p>\n\n\n\n<p>No entanto, n\u00e3o \u00e9 poss\u00edvel escolher uma entidade. \u00c9 necess\u00e1rio escolher o modelo completo da declara\u00e7\u00e3o, conferir o valor do imposto devido e confirmar a op\u00e7\u00e3o \u201cDoa\u00e7\u00f5es Diretamente na Declara\u00e7\u00e3o\u201d.<\/p>\n\n\n\n<p>No formul\u00e1rio, o contribuinte dever\u00e1 clicar no bot\u00e3o \u201cnovo\u201d e escolher o fundo. Em seguida dever\u00e1 informar o valor a ser doado, respeitando o limite de 3% do imposto devido para cada fundo e 6% de doa\u00e7\u00f5es totais. O programa gerar\u00e1 o&nbsp;Darf, que dever\u00e1 ser pago at\u00e9&nbsp;30 de junho, sem parcelamento.<\/p>\n","protected":false},"excerpt":{"rendered":"<p>Usar uma das principais obriga\u00e7\u00f5es anuais do brasileiro&nbsp;para fazer o bem. \u00c9 assim que o contribuinte&nbsp;pode destinar parte do imposto de renda&nbsp;a projetos sociais. A&hellip; <\/p>\n","protected":false},"author":2,"featured_media":164817,"comment_status":"closed","ping_status":"closed","sticky":false,"template":"","format":"standard","meta":{"sfsi_plus_gutenberg_text_before_share":"","sfsi_plus_gutenberg_show_text_before_share":"","sfsi_plus_gutenberg_icon_type":"","sfsi_plus_gutenberg_icon_alignemt":"","sfsi_plus_gutenburg_max_per_row":"","footnotes":""},"categories":[2],"tags":[],"class_list":["post-164816","post","type-post","status-publish","format-standard","has-post-thumbnail","hentry","category-geral"],"_links":{"self":[{"href":"https:\/\/www.caririemacao.com\/1\/wp-json\/wp\/v2\/posts\/164816","targetHints":{"allow":["GET"]}}],"collection":[{"href":"https:\/\/www.caririemacao.com\/1\/wp-json\/wp\/v2\/posts"}],"about":[{"href":"https:\/\/www.caririemacao.com\/1\/wp-json\/wp\/v2\/types\/post"}],"author":[{"embeddable":true,"href":"https:\/\/www.caririemacao.com\/1\/wp-json\/wp\/v2\/users\/2"}],"replies":[{"embeddable":true,"href":"https:\/\/www.caririemacao.com\/1\/wp-json\/wp\/v2\/comments?post=164816"}],"version-history":[{"count":1,"href":"https:\/\/www.caririemacao.com\/1\/wp-json\/wp\/v2\/posts\/164816\/revisions"}],"predecessor-version":[{"id":164818,"href":"https:\/\/www.caririemacao.com\/1\/wp-json\/wp\/v2\/posts\/164816\/revisions\/164818"}],"wp:featuredmedia":[{"embeddable":true,"href":"https:\/\/www.caririemacao.com\/1\/wp-json\/wp\/v2\/media\/164817"}],"wp:attachment":[{"href":"https:\/\/www.caririemacao.com\/1\/wp-json\/wp\/v2\/media?parent=164816"}],"wp:term":[{"taxonomy":"category","embeddable":true,"href":"https:\/\/www.caririemacao.com\/1\/wp-json\/wp\/v2\/categories?post=164816"},{"taxonomy":"post_tag","embeddable":true,"href":"https:\/\/www.caririemacao.com\/1\/wp-json\/wp\/v2\/tags?post=164816"}],"curies":[{"name":"wp","href":"https:\/\/api.w.org\/{rel}","templated":true}]}}