{"id":164819,"date":"2020-04-20T07:16:27","date_gmt":"2020-04-20T10:16:27","guid":{"rendered":"http:\/\/www.caririemacao.com\/1\/?p=164819"},"modified":"2020-04-20T07:16:29","modified_gmt":"2020-04-20T10:16:29","slug":"governo-quer-caixa-economica-retomando-atendimento-presencial","status":"publish","type":"post","link":"https:\/\/www.caririemacao.com\/1\/2020\/04\/20\/governo-quer-caixa-economica-retomando-atendimento-presencial\/","title":{"rendered":"Governo quer Caixa Econ\u00f4mica retomando atendimento presencial"},"content":{"rendered":"\n<p>A c\u00fapula de servidores da Caixa Econ\u00f4mica Federal est\u00e1 alarmada com a informa\u00e7\u00e3o repassada pelo banco recentemente de que o expediente presencial em alguns setores administrativos come\u00e7ar\u00e1 a ser retomado nos pr\u00f3ximos dias, justamente no momento em que os sistemas de sa\u00fade come\u00e7am a entrar em colapso pelo pa\u00eds e o n\u00famero di\u00e1rio de mortos gira em torno de 200 v\u00edtimas.<\/p>\n\n\n\n<p>O relato foi repassado a alguns setores por meio de um comunicado verbal, informa o site da revista Veja.<\/p>\n\n\n\n<p>A ordem para retomar o trabalho presencial, segundo foi dito aos servidores, saiu do Pal\u00e1cio do Planalto, ou seja, da Presid\u00eancia da Rep\u00fablica.<\/p>\n\n\n\n<p>A retomada come\u00e7ar\u00e1 a partir da pr\u00f3xima quarta-feira, com alguns n\u00edveis gerenciais.<\/p>\n\n\n\n<p>Apenas servidores dos grupos de risco para o coronav\u00edrus continuar\u00e3o o trabalho remoto.<\/p>\n","protected":false},"excerpt":{"rendered":"<p>A c\u00fapula de servidores da Caixa Econ\u00f4mica Federal est\u00e1 alarmada com a informa\u00e7\u00e3o repassada pelo banco recentemente de que o expediente presencial em alguns setores&hellip; <\/p>\n","protected":false},"author":2,"featured_media":164820,"comment_status":"closed","ping_status":"closed","sticky":false,"template":"","format":"standard","meta":{"sfsi_plus_gutenberg_text_before_share":"","sfsi_plus_gutenberg_show_text_before_share":"","sfsi_plus_gutenberg_icon_type":"","sfsi_plus_gutenberg_icon_alignemt":"","sfsi_plus_gutenburg_max_per_row":"","footnotes":""},"categories":[50,11],"tags":[],"class_list":["post-164819","post","type-post","status-publish","format-standard","has-post-thumbnail","hentry","category-destaque","category-politica"],"_links":{"self":[{"href":"https:\/\/www.caririemacao.com\/1\/wp-json\/wp\/v2\/posts\/164819","targetHints":{"allow":["GET"]}}],"collection":[{"href":"https:\/\/www.caririemacao.com\/1\/wp-json\/wp\/v2\/posts"}],"about":[{"href":"https:\/\/www.caririemacao.com\/1\/wp-json\/wp\/v2\/types\/post"}],"author":[{"embeddable":true,"href":"https:\/\/www.caririemacao.com\/1\/wp-json\/wp\/v2\/users\/2"}],"replies":[{"embeddable":true,"href":"https:\/\/www.caririemacao.com\/1\/wp-json\/wp\/v2\/comments?post=164819"}],"version-history":[{"count":1,"href":"https:\/\/www.caririemacao.com\/1\/wp-json\/wp\/v2\/posts\/164819\/revisions"}],"predecessor-version":[{"id":164821,"href":"https:\/\/www.caririemacao.com\/1\/wp-json\/wp\/v2\/posts\/164819\/revisions\/164821"}],"wp:featuredmedia":[{"embeddable":true,"href":"https:\/\/www.caririemacao.com\/1\/wp-json\/wp\/v2\/media\/164820"}],"wp:attachment":[{"href":"https:\/\/www.caririemacao.com\/1\/wp-json\/wp\/v2\/media?parent=164819"}],"wp:term":[{"taxonomy":"category","embeddable":true,"href":"https:\/\/www.caririemacao.com\/1\/wp-json\/wp\/v2\/categories?post=164819"},{"taxonomy":"post_tag","embeddable":true,"href":"https:\/\/www.caririemacao.com\/1\/wp-json\/wp\/v2\/tags?post=164819"}],"curies":[{"name":"wp","href":"https:\/\/api.w.org\/{rel}","templated":true}]}}