{"id":164829,"date":"2020-04-20T07:35:16","date_gmt":"2020-04-20T10:35:16","guid":{"rendered":"http:\/\/www.caririemacao.com\/1\/?p=164829"},"modified":"2020-04-20T07:35:17","modified_gmt":"2020-04-20T10:35:17","slug":"policia-apreende-mais-tres-armas-de-fogo-e-prende-trio-suspeito-de-integrar-grupo-de-trafico-de-drogas","status":"publish","type":"post","link":"https:\/\/www.caririemacao.com\/1\/2020\/04\/20\/policia-apreende-mais-tres-armas-de-fogo-e-prende-trio-suspeito-de-integrar-grupo-de-trafico-de-drogas\/","title":{"rendered":"Pol\u00edcia apreende mais tr\u00eas armas de fogo e prende trio suspeito de integrar grupo de tr\u00e1fico de drogas"},"content":{"rendered":"\n<p>A Pol\u00edcia Militar apreendeu mais tr\u00eas armas de fogo e deteve tr\u00eas suspeitos no decorrer da Opera\u00e7\u00e3o Tiradentes. A pris\u00e3o ocorreu na madrugada desse domingo (19), na cidade de Pitimbu, Litoral Sul paraibano. Os homens s\u00e3o suspeitos de integrarem uma organiza\u00e7\u00e3o criminosa no munic\u00edpio.<\/p>\n\n\n\n<p>Policiais da For\u00e7a T\u00e1tica da 1\u00aa Companhia Independente relataram que havia quatro homens em atitude suspeita na vila de pescadores e, quando a equipe policial se aproximou, dois suspeitos tentaram fugir, sendo que um deles foi alcan\u00e7ado.<\/p>\n\n\n\n<p>Um dos suspeitos, que tem 18 anos, foi detido com um rev\u00f3lver calibre 38 com seis muni\u00e7\u00f5es, al\u00e9m de uma sacola com 22 muni\u00e7\u00f5es de calibre 38 e a quantia de R$ 322,50 em dinheiro. O segundo suspeito, que tem 21 anos, estava portando um rev\u00f3lver calibre 38 e seis muni\u00e7\u00f5es. O outro homem, de 35 anos, foi preso com um rev\u00f3lver calibre 38 e seis muni\u00e7\u00f5es, e ao consultar a arma, havia uma restri\u00e7\u00e3o de roubo ou furto.<\/p>\n\n\n\n<p>O trio detido \u00e9 suspeito de integrar uma organiza\u00e7\u00e3o criminosa que \u00e9 respons\u00e1vel pelo tr\u00e1fico de drogas na cidade de Pitimbu.<\/p>\n\n\n\n<p>Os presos, juntamente com as armas apreendidas, foram conduzidos para a Delegacia da cidade de Alhandra.<\/p>\n","protected":false},"excerpt":{"rendered":"<p>A Pol\u00edcia Militar apreendeu mais tr\u00eas armas de fogo e deteve tr\u00eas suspeitos no decorrer da Opera\u00e7\u00e3o Tiradentes. A pris\u00e3o ocorreu na madrugada desse domingo&hellip; <\/p>\n","protected":false},"author":2,"featured_media":164830,"comment_status":"closed","ping_status":"closed","sticky":false,"template":"","format":"standard","meta":{"sfsi_plus_gutenberg_text_before_share":"","sfsi_plus_gutenberg_show_text_before_share":"","sfsi_plus_gutenberg_icon_type":"","sfsi_plus_gutenberg_icon_alignemt":"","sfsi_plus_gutenburg_max_per_row":"","footnotes":""},"categories":[12],"tags":[],"class_list":["post-164829","post","type-post","status-publish","format-standard","has-post-thumbnail","hentry","category-policia"],"_links":{"self":[{"href":"https:\/\/www.caririemacao.com\/1\/wp-json\/wp\/v2\/posts\/164829","targetHints":{"allow":["GET"]}}],"collection":[{"href":"https:\/\/www.caririemacao.com\/1\/wp-json\/wp\/v2\/posts"}],"about":[{"href":"https:\/\/www.caririemacao.com\/1\/wp-json\/wp\/v2\/types\/post"}],"author":[{"embeddable":true,"href":"https:\/\/www.caririemacao.com\/1\/wp-json\/wp\/v2\/users\/2"}],"replies":[{"embeddable":true,"href":"https:\/\/www.caririemacao.com\/1\/wp-json\/wp\/v2\/comments?post=164829"}],"version-history":[{"count":1,"href":"https:\/\/www.caririemacao.com\/1\/wp-json\/wp\/v2\/posts\/164829\/revisions"}],"predecessor-version":[{"id":164831,"href":"https:\/\/www.caririemacao.com\/1\/wp-json\/wp\/v2\/posts\/164829\/revisions\/164831"}],"wp:featuredmedia":[{"embeddable":true,"href":"https:\/\/www.caririemacao.com\/1\/wp-json\/wp\/v2\/media\/164830"}],"wp:attachment":[{"href":"https:\/\/www.caririemacao.com\/1\/wp-json\/wp\/v2\/media?parent=164829"}],"wp:term":[{"taxonomy":"category","embeddable":true,"href":"https:\/\/www.caririemacao.com\/1\/wp-json\/wp\/v2\/categories?post=164829"},{"taxonomy":"post_tag","embeddable":true,"href":"https:\/\/www.caririemacao.com\/1\/wp-json\/wp\/v2\/tags?post=164829"}],"curies":[{"name":"wp","href":"https:\/\/api.w.org\/{rel}","templated":true}]}}