{"id":164838,"date":"2020-04-20T08:07:25","date_gmt":"2020-04-20T11:07:25","guid":{"rendered":"http:\/\/www.caririemacao.com\/1\/?p=164838"},"modified":"2020-04-20T08:07:28","modified_gmt":"2020-04-20T11:07:28","slug":"paraiba-e-o-estado-com-maior-subnotificacao-de-covid-19-do-pais","status":"publish","type":"post","link":"https:\/\/www.caririemacao.com\/1\/2020\/04\/20\/paraiba-e-o-estado-com-maior-subnotificacao-de-covid-19-do-pais\/","title":{"rendered":"Para\u00edba \u00e9 o estado com maior subnotifica\u00e7\u00e3o de covid-19 do pa\u00eds"},"content":{"rendered":"\n<p>Os dados oficiais de pessoas infectadas pela covid-19 na Para\u00edba representam pouco mais de 2% do total de pessoas infectadas, de acordo com as estimativas do N\u00facleo de Opera\u00e7\u00f5es e Intelig\u00eancia em Sa\u00fade (Nois), um grupo multidisciplinar de pesquisa capitaneado pela Pontif\u00edcia Universidade Cat\u00f3lica do Rio de Janeiro e do qual fazem parte outras universidades, hospitais, a Funda\u00e7\u00e3o Oswaldo Cruz e empresas privadas.<\/p>\n\n\n\n<p>De acordo com as estimativas do estudo, Para\u00edba e Pernambuco s\u00e3o os que menos realizam testes nos pacientes suspeitos de contamina\u00e7\u00e3o e, em consequ\u00eancia, t\u00eam a maior subnotifica\u00e7\u00e3o de casos no Brasil. Pernambuco tem a segunda menor taxa de notifica\u00e7\u00e3o do pa\u00eds, com apenas 2,4% dos casos registrados oficialmente. Pior mesmo s\u00f3 a Para\u00edba com 2,2%. A m\u00e9dia brasileira \u00e9 de 8%. O Mato Grosso do Sul e o Distrito Federal puxam a m\u00e9dia para cima, com mais de 27% dos casos notificados.<\/p>\n\n\n\n<p>Se considerar que, conforme mostra o site de monitoramento Worldometers, o Brasil \u00e9 o 11\u00ba pa\u00eds com maior n\u00famero de mortes e 14\u00ba em n\u00famero de casos, mas ocupa apenas a 45\u00aa posi\u00e7\u00e3o em n\u00famero absoluto de exames e testes realizados, a subnotifica\u00e7\u00e3o fica evidente. Quando se considera a taxa de testes realizados a cada milh\u00e3o de habitantes, o Brasil est\u00e1 no fim da lista, mais precisamente na 135\u00aa posi\u00e7\u00e3o. Na Am\u00e9rica do Sul, s\u00f3 a Guiana e a Bol\u00edvia testaram menos suas popula\u00e7\u00f5es do que o Brasil.<\/p>\n\n\n\n<p><strong>Mais testes, mais efetividade<\/strong><\/p>\n\n\n\n<p>Pesquisador do Nois, Marcelo Prado concedeu entrevista por e-mail ao Marco Zero avaliando as consequ\u00eancias da subnotifica\u00e7\u00e3o:<\/p>\n\n\n\n<p>&#8220;A subnotifica\u00e7\u00e3o \u00e9 uma realidade em todos os pa\u00edses atingidos pela doen\u00e7a. No caso do Brasil, a falta de testes suficientes e a demora nos resultados t\u00eam impactado diretamente nos n\u00fameros oficiais. O estudo permite concluir que n\u00famero de testes deve ser aumentado em todas as regi\u00f5es do Brasil. Com taxas de notifica\u00e7\u00e3o mais elevadas, ser\u00e1 poss\u00edvel uma melhor avalia\u00e7\u00e3o da necessidade de recursos hospitalares. Outro ponto fundamental \u00e9 que as pol\u00edticas de isolamento de infectados poder\u00e3o ser mais efetivas, ao identificar locais de maior preval\u00eancia da epidemia&#8221;.<\/p>\n\n\n\n<p>Nesse momento, o Brasil registra 24.232 casos. Se as estimativas dos pesquisadores estiverem corretas, o n\u00famero real deve estar perto de 290 mil casos. Pernambuco teria, segundo esses c\u00e1lculos, pouco mais de 50 mil pessoas contaminadas. O Nois informou que mediu o percentual de subnotifica\u00e7\u00e3o seguindo tr\u00eas etapas: primeiro, fez o c\u00e1lculo da taxa de letalidade (Case-Fatality Ratio, ou CFR). De acordo com a orienta\u00e7\u00e3o da OMS, essa taxa varia conforme a faixa et\u00e1ria do paciente.<\/p>\n\n\n\n<p>Em seguida, calculou a CFR observada, que s\u00e3o os casos em que o paciente contraiu a doen\u00e7a, se recuperou ou faleceu, levando em conta de que h\u00e1 uma distribui\u00e7\u00e3o de probabilidade com m\u00e9dia de 13 dias entre a hospitaliza\u00e7\u00e3o e o desfecho. Com esses dois dados, a terceira e \u00faltima etapa foi verificar a diferen\u00e7a entre ambos: quanto maior , menor a taxa de notifica\u00e7\u00e3o , e vice-versa.<\/p>\n","protected":false},"excerpt":{"rendered":"<p>Os dados oficiais de pessoas infectadas pela covid-19 na Para\u00edba representam pouco mais de 2% do total de pessoas infectadas, de acordo com as estimativas&hellip; <\/p>\n","protected":false},"author":2,"featured_media":164839,"comment_status":"closed","ping_status":"closed","sticky":false,"template":"","format":"standard","meta":{"sfsi_plus_gutenberg_text_before_share":"","sfsi_plus_gutenberg_show_text_before_share":"","sfsi_plus_gutenberg_icon_type":"","sfsi_plus_gutenberg_icon_alignemt":"","sfsi_plus_gutenburg_max_per_row":"","footnotes":""},"categories":[2],"tags":[],"class_list":["post-164838","post","type-post","status-publish","format-standard","has-post-thumbnail","hentry","category-geral"],"_links":{"self":[{"href":"https:\/\/www.caririemacao.com\/1\/wp-json\/wp\/v2\/posts\/164838","targetHints":{"allow":["GET"]}}],"collection":[{"href":"https:\/\/www.caririemacao.com\/1\/wp-json\/wp\/v2\/posts"}],"about":[{"href":"https:\/\/www.caririemacao.com\/1\/wp-json\/wp\/v2\/types\/post"}],"author":[{"embeddable":true,"href":"https:\/\/www.caririemacao.com\/1\/wp-json\/wp\/v2\/users\/2"}],"replies":[{"embeddable":true,"href":"https:\/\/www.caririemacao.com\/1\/wp-json\/wp\/v2\/comments?post=164838"}],"version-history":[{"count":1,"href":"https:\/\/www.caririemacao.com\/1\/wp-json\/wp\/v2\/posts\/164838\/revisions"}],"predecessor-version":[{"id":164840,"href":"https:\/\/www.caririemacao.com\/1\/wp-json\/wp\/v2\/posts\/164838\/revisions\/164840"}],"wp:featuredmedia":[{"embeddable":true,"href":"https:\/\/www.caririemacao.com\/1\/wp-json\/wp\/v2\/media\/164839"}],"wp:attachment":[{"href":"https:\/\/www.caririemacao.com\/1\/wp-json\/wp\/v2\/media?parent=164838"}],"wp:term":[{"taxonomy":"category","embeddable":true,"href":"https:\/\/www.caririemacao.com\/1\/wp-json\/wp\/v2\/categories?post=164838"},{"taxonomy":"post_tag","embeddable":true,"href":"https:\/\/www.caririemacao.com\/1\/wp-json\/wp\/v2\/tags?post=164838"}],"curies":[{"name":"wp","href":"https:\/\/api.w.org\/{rel}","templated":true}]}}