{"id":164846,"date":"2020-04-20T08:09:39","date_gmt":"2020-04-20T11:09:39","guid":{"rendered":"http:\/\/www.caririemacao.com\/1\/?p=164846"},"modified":"2020-04-20T08:09:41","modified_gmt":"2020-04-20T11:09:41","slug":"estudantes-da-ufpb-iniciam-campanha-para-ajudar-profissionais-da-saude","status":"publish","type":"post","link":"https:\/\/www.caririemacao.com\/1\/2020\/04\/20\/estudantes-da-ufpb-iniciam-campanha-para-ajudar-profissionais-da-saude\/","title":{"rendered":"Estudantes da UFPB iniciam campanha para ajudar profissionais da sa\u00fade"},"content":{"rendered":"\n<p>Com o objetivo de ajudar no combate e na dissemina\u00e7\u00e3o da covid-19 entre os profissionais da \u00e1rea de sa\u00fade, um grupo de alunos do Programa de P\u00f3s-gradua\u00e7\u00e3o em Direitos Humanos, Cidadania e Pol\u00edticas P\u00fablicas da Universidade Federal da Para\u00edba (PPGDH-UFPB) iniciou, no dia 14 de abril, a campanha Direitos Humanos em A\u00e7\u00e3o Solid\u00e1ria.&nbsp;<\/p>\n\n\n\n<p>A ideia \u00e9 angariar doa\u00e7\u00f5es para a compra de equipamentos de prote\u00e7\u00e3o individual (EPI) e materiais de higiene para distribuir aos profissionais de sa\u00fade da rede p\u00fablica do estado, que est\u00e3o na linha de frente no combate ao covid-19.<\/p>\n\n\n\n<p>\u201cObservamos que muitos profissionais da sa\u00fade est\u00e3o sendo contaminados, seja pela falta de equipamentos de seguran\u00e7a ou por eles n\u00e3o serem adequados. Por isso, neste primeiro momento, decidimos focar nos EPI, pois n\u00e3o podemos colocar em risco os profissionais que est\u00e3o na linha de frente do combate a essa pandemia, tendo em vista que cada um deles pode cuidar e salvar in\u00fameras vidas\u201d, declarou a aluna do PPGDH, Mislene Santos. &nbsp;<\/p>\n\n\n\n<p>J\u00e1 a professora do PPGDH, Marlene Fran\u00e7a, abra\u00e7ou a causa dos alunos e vem dando total apoio \u00e0 a\u00e7\u00e3o. \u201cEu n\u00e3o poderia me furtar de estar junto aos alunos em uma campanha como esta, que enaltece os Direitos Humanos em defesa da dignidade da pessoa humana no ambiente do trabalho. Portanto, s\u00f3 tenho a parabenizar os alunos por esta iniciativa e me colocar a inteira disposi\u00e7\u00e3o para ajud\u00e1-los nesta causa que \u00e9 extremamente nobre\u201d.<\/p>\n\n\n\n<p>O procurador do trabalho, Eduardo Varandas afirmou que \u201co MPT se sente honrado por participar da campanha. Em momentos de calamidade p\u00fablica, o Poder P\u00fablico e a sociedade civil organizada devem unir-se para prevenir e minimizar os efeitos t\u00e3o nocivos da pandemia. Gestos como este levam a crer que a solidariedade ainda \u00e9 o signo indel\u00e9vel que marca a ra\u00e7a humana e a nossa exist\u00eancia&#8221;.<br><\/p>\n\n\n\n<p>Al\u00e9m dos estudantes e do Minist\u00e9rio P\u00fablico do Trabalho (MPT), tamb\u00e9m participam da campanha a Comiss\u00e3o de Direitos Humanos da OAB-PB, da UFPB, da Associa\u00e7\u00e3o de Docentes da UFPB (ADUFPB), da Defensoria P\u00fablica da Para\u00edba (DPE-PB), da Pastoral Carcer\u00e1ria da Para\u00edba e do Conselho Estadual de Direitos Humanos do Estado da Para\u00edba (CEDH-PB).<br><br>CONTATOS<br>acaosolidaria.dh@gmail.com<br><a href=\"https:\/\/instagram.com\/dhacaosolidaria?igshid=s3hdtynzsyj\">https:\/\/instagram.com\/dhacaoso&#8230;<\/a><br>COMO CONTRIBUIR<br>Por meio da vaquinha virtual:&nbsp;<a href=\"http:\/\/vaka.me\/1006200\">http:\/\/vaka.me\/1006200<br><\/a><\/p>\n\n\n\n<figure class=\"wp-block-image\"><img decoding=\"async\" data-src=\"https:\/\/www.clickpb.com.br\/media\/filer_public\/ba\/ef\/baef6818-45de-4fd1-bda9-24ac698b4e6a\/whatsapp_image_2020-04-19_at_140504.jpeg\" alt=\"\" src=\"data:image\/svg+xml;base64,PHN2ZyB3aWR0aD0iMSIgaGVpZ2h0PSIxIiB4bWxucz0iaHR0cDovL3d3dy53My5vcmcvMjAwMC9zdmciPjwvc3ZnPg==\" class=\"lazyload\" \/><\/figure>\n","protected":false},"excerpt":{"rendered":"<p>Com o objetivo de ajudar no combate e na dissemina\u00e7\u00e3o da covid-19 entre os profissionais da \u00e1rea de sa\u00fade, um grupo de alunos do Programa&hellip; <\/p>\n","protected":false},"author":2,"featured_media":164847,"comment_status":"closed","ping_status":"closed","sticky":false,"template":"","format":"standard","meta":{"sfsi_plus_gutenberg_text_before_share":"","sfsi_plus_gutenberg_show_text_before_share":"","sfsi_plus_gutenberg_icon_type":"","sfsi_plus_gutenberg_icon_alignemt":"","sfsi_plus_gutenburg_max_per_row":"","footnotes":""},"categories":[50,2],"tags":[],"class_list":["post-164846","post","type-post","status-publish","format-standard","has-post-thumbnail","hentry","category-destaque","category-geral"],"_links":{"self":[{"href":"https:\/\/www.caririemacao.com\/1\/wp-json\/wp\/v2\/posts\/164846","targetHints":{"allow":["GET"]}}],"collection":[{"href":"https:\/\/www.caririemacao.com\/1\/wp-json\/wp\/v2\/posts"}],"about":[{"href":"https:\/\/www.caririemacao.com\/1\/wp-json\/wp\/v2\/types\/post"}],"author":[{"embeddable":true,"href":"https:\/\/www.caririemacao.com\/1\/wp-json\/wp\/v2\/users\/2"}],"replies":[{"embeddable":true,"href":"https:\/\/www.caririemacao.com\/1\/wp-json\/wp\/v2\/comments?post=164846"}],"version-history":[{"count":1,"href":"https:\/\/www.caririemacao.com\/1\/wp-json\/wp\/v2\/posts\/164846\/revisions"}],"predecessor-version":[{"id":164848,"href":"https:\/\/www.caririemacao.com\/1\/wp-json\/wp\/v2\/posts\/164846\/revisions\/164848"}],"wp:featuredmedia":[{"embeddable":true,"href":"https:\/\/www.caririemacao.com\/1\/wp-json\/wp\/v2\/media\/164847"}],"wp:attachment":[{"href":"https:\/\/www.caririemacao.com\/1\/wp-json\/wp\/v2\/media?parent=164846"}],"wp:term":[{"taxonomy":"category","embeddable":true,"href":"https:\/\/www.caririemacao.com\/1\/wp-json\/wp\/v2\/categories?post=164846"},{"taxonomy":"post_tag","embeddable":true,"href":"https:\/\/www.caririemacao.com\/1\/wp-json\/wp\/v2\/tags?post=164846"}],"curies":[{"name":"wp","href":"https:\/\/api.w.org\/{rel}","templated":true}]}}