{"id":164849,"date":"2020-04-20T08:10:55","date_gmt":"2020-04-20T11:10:55","guid":{"rendered":"http:\/\/www.caririemacao.com\/1\/?p=164849"},"modified":"2020-04-20T08:10:59","modified_gmt":"2020-04-20T11:10:59","slug":"falta-orcamento-para-repor-perdas-de-estados-e-municipios-diz-bolsonaro","status":"publish","type":"post","link":"https:\/\/www.caririemacao.com\/1\/2020\/04\/20\/falta-orcamento-para-repor-perdas-de-estados-e-municipios-diz-bolsonaro\/","title":{"rendered":"Falta or\u00e7amento para repor perdas de estados e munic\u00edpios, diz Bolsonaro"},"content":{"rendered":"\n<p>Durante uma transmiss\u00e3o feita pelas redes sociais direto da rampa do Pal\u00e1cio do Planalto, o presidente Jair Bolsonaro disse que falta or\u00e7amento para repor as perdas de arrecada\u00e7\u00e3o de estados e munic\u00edpios, causadas pela crise do novo coronav\u00edrus.&nbsp;<\/p>\n\n\n\n<p>\u201cN\u00e3o sabemos quanto vai chegar a conta do ICMS e ISS. Estamos calculando muito a cima de R$ 100 bilh\u00f5es. N\u00e3o tem espa\u00e7o para isso no Or\u00e7amento. N\u00e3o \u00e9 que se vire o chefe do Executivo. Se aqui n\u00f3s quebrarmos, quebra o Brasil. Os estados est\u00e3o muito mal das pernas\u201d, afirmou.&nbsp;<\/p>\n\n\n\n<ul class=\"wp-block-list\"><li><a href=\"https:\/\/www.clickpb.com.br\/paraiba\/governadores-do-nordeste-pedem-atuacao-de-formados-em-medicina-no-exterior-leia-carta-282436.html\">Governadores do Nordeste pedem atua\u00e7\u00e3o de formados em Medicina no exterior; leia carta<\/a><\/li><\/ul>\n\n\n\n<p>O presidente defendeu medidas de sa\u00fade para evitar o cont\u00e1gio em massa da popula\u00e7\u00e3o, como uso de m\u00e1scaras, luvas, \u00e1lcool em gel e campanhas educativas, e afirmou que as consequ\u00eancias econ\u00f4micas da pandemia podem ser graves.<\/p>\n\n\n\n<p>Bolsonaro voltou a falar sobre a decis\u00e3o de governadores e de prefeitos que determinaram o fechamento total do com\u00e9rcio nos estados e munic\u00edpios do pa\u00eds devido \u00e0 pandemia do novo coronav\u00edrus. Segundo o presidente, as autoridades est\u00e3o fazendo o que \u201cbem entendem\u201d e sem levar em conta a possibilidade de muitos trabalhadores ficarem desempregados e de queda na arrecada\u00e7\u00e3o de impostos.&nbsp;<\/p>\n\n\n\n<p><strong>LEIA MAIS<\/strong>:&nbsp;<a href=\"https:\/\/www.clickpb.com.br\/paraiba\/prefeitura-de-campina-grande-volta-atras-e-desiste-de-reabrir-comercio-partir-de-segunda-feira-282404.html\">Prefeitura de Campina Grande volta atr\u00e1s e desiste de reabrir com\u00e9rcio a partir de segunda-feira<\/a><br><\/p>\n\n\n\n<p>O presidente tamb\u00e9m pediu \u201chumildade\u201d das autoridades para reconhecerem que o fechamento total n\u00e3o \u00e9 o caminho adequado. Segundo Bolsonaro, no que depender dele, o isolamento da popula\u00e7\u00e3o ser\u00e1 flexibilizado.&nbsp;<\/p>\n\n\n\n<p>\u201cEssas pessoas que est\u00e3o sendo demitidas n\u00e3o pagam conta de luz, compram o essencial na pra\u00e7a.&nbsp; Estamos em uma situa\u00e7\u00e3o complicada. Ser\u00e1 que o pessoal n\u00e3o enxerga isso? Vai continuar me atacando, ofendendo, me chamando de tudo, at\u00e9 me acusando de genoc\u00eddio. N\u00e3o d\u00e1 para entender que o que vai matar as pessoas para valer vai ser as consequ\u00eancias do desemprego? Acordem para isso.&#8221;<\/p>\n\n\n\n<p>Ap\u00f3s a transmiss\u00e3o, Bolsonaro desceu a rampa do Pal\u00e1cio do Planalto e conversou com um grupo de apoiadores que estava na Pra\u00e7a dos Tr\u00eas Poderes. As pessoas e o presidente estavam separados por uma grade de seguran\u00e7a que fica de forma permanente em frente do pal\u00e1cio.<\/p>\n","protected":false},"excerpt":{"rendered":"<p>Durante uma transmiss\u00e3o feita pelas redes sociais direto da rampa do Pal\u00e1cio do Planalto, o presidente Jair Bolsonaro disse que falta or\u00e7amento para repor as&hellip; <\/p>\n","protected":false},"author":2,"featured_media":164850,"comment_status":"closed","ping_status":"closed","sticky":false,"template":"","format":"standard","meta":{"sfsi_plus_gutenberg_text_before_share":"","sfsi_plus_gutenberg_show_text_before_share":"","sfsi_plus_gutenberg_icon_type":"","sfsi_plus_gutenberg_icon_alignemt":"","sfsi_plus_gutenburg_max_per_row":"","footnotes":""},"categories":[2],"tags":[],"class_list":["post-164849","post","type-post","status-publish","format-standard","has-post-thumbnail","hentry","category-geral"],"_links":{"self":[{"href":"https:\/\/www.caririemacao.com\/1\/wp-json\/wp\/v2\/posts\/164849","targetHints":{"allow":["GET"]}}],"collection":[{"href":"https:\/\/www.caririemacao.com\/1\/wp-json\/wp\/v2\/posts"}],"about":[{"href":"https:\/\/www.caririemacao.com\/1\/wp-json\/wp\/v2\/types\/post"}],"author":[{"embeddable":true,"href":"https:\/\/www.caririemacao.com\/1\/wp-json\/wp\/v2\/users\/2"}],"replies":[{"embeddable":true,"href":"https:\/\/www.caririemacao.com\/1\/wp-json\/wp\/v2\/comments?post=164849"}],"version-history":[{"count":1,"href":"https:\/\/www.caririemacao.com\/1\/wp-json\/wp\/v2\/posts\/164849\/revisions"}],"predecessor-version":[{"id":164851,"href":"https:\/\/www.caririemacao.com\/1\/wp-json\/wp\/v2\/posts\/164849\/revisions\/164851"}],"wp:featuredmedia":[{"embeddable":true,"href":"https:\/\/www.caririemacao.com\/1\/wp-json\/wp\/v2\/media\/164850"}],"wp:attachment":[{"href":"https:\/\/www.caririemacao.com\/1\/wp-json\/wp\/v2\/media?parent=164849"}],"wp:term":[{"taxonomy":"category","embeddable":true,"href":"https:\/\/www.caririemacao.com\/1\/wp-json\/wp\/v2\/categories?post=164849"},{"taxonomy":"post_tag","embeddable":true,"href":"https:\/\/www.caririemacao.com\/1\/wp-json\/wp\/v2\/tags?post=164849"}],"curies":[{"name":"wp","href":"https:\/\/api.w.org\/{rel}","templated":true}]}}