{"id":164863,"date":"2020-04-20T08:25:53","date_gmt":"2020-04-20T11:25:53","guid":{"rendered":"http:\/\/www.caririemacao.com\/1\/?p=164863"},"modified":"2020-04-20T08:25:55","modified_gmt":"2020-04-20T11:25:55","slug":"brasil-tem-2-372-mortes-por-covid-19-e-quase-37-mil-infectados","status":"publish","type":"post","link":"https:\/\/www.caririemacao.com\/1\/2020\/04\/20\/brasil-tem-2-372-mortes-por-covid-19-e-quase-37-mil-infectados\/","title":{"rendered":"Brasil tem 2.372 mortes por covid-19 e quase 37 mil infectados"},"content":{"rendered":"\n<p>As secretarias estaduais de Sa\u00fade divulgaram, at\u00e9 as 7h30 deste domingo (19), 36.925 casos confirmados do novo coronav\u00edrus (Sars-Cov-2) no Brasil, com 2.372 mortes.<\/p>\n\n\n\n<p>O maior n\u00famero de casos ocorreu em S\u00e3o Paulo: o estado agora tem 13.894 casos e 991 mortes. Em seguida vem o Rio de Janeiro, com 4.543 casos e 387 mortes.<\/p>\n\n\n\n<p>O Cear\u00e1 chegou a 3.062 casos e 180 mortes. Na Bahia, a 37\u00aa morte foi confirmada este s\u00e1bado. A v\u00edtima era uma homem de 73 anos com hipertens\u00e3o e hipotireoidismo.<br><\/p>\n\n\n\n<p>O balan\u00e7o mais recente do Minist\u00e9rio da Sa\u00fade, divulgado neste s\u00e1bado (18), aponta 36.599 casos confirmados e 2.347 mortes.<br><\/p>\n\n\n\n<p><strong>Laborat\u00f3rio de Wuhan nega responsabilidade<\/strong><br><\/p>\n\n\n\n<p>O diretor do laborat\u00f3rio de seguran\u00e7a m\u00e1xima na cidade chinesa de Wuhan, alvo de uma pol\u00eamica nos \u00faltimos dias sobre a origem do coronav\u00edrus, negou categoricamente no s\u00e1bado (18) a hip\u00f3tese de que o v\u00edrus tenha sa\u00eddo do local.<\/p>\n\n\n\n<p>&#8220;\u00c9 imposs\u00edvel que esse v\u00edrus venha de n\u00f3s&#8221;, disse Yuan Zhiming, diretor do laborat\u00f3rio Wuhan, em entrevista \u00e0 m\u00eddia p\u00fablica<\/p>\n\n\n\n<p>A origem da pandemia de Covid-19 virou um motivo de disputa entre os Estados Unidos e a China. O presidente dos EUA, Donald Trump, afirmou que o governo americano investiga rumores envolvendo um instituto de virologia da cidade de Wuhan, primeiro epicentro da doen\u00e7a.<\/p>\n","protected":false},"excerpt":{"rendered":"<p>As secretarias estaduais de Sa\u00fade divulgaram, at\u00e9 as 7h30 deste domingo (19), 36.925 casos confirmados do novo coronav\u00edrus (Sars-Cov-2) no Brasil, com 2.372 mortes. O&hellip; <\/p>\n","protected":false},"author":2,"featured_media":164864,"comment_status":"closed","ping_status":"closed","sticky":false,"template":"","format":"standard","meta":{"sfsi_plus_gutenberg_text_before_share":"","sfsi_plus_gutenberg_show_text_before_share":"","sfsi_plus_gutenberg_icon_type":"","sfsi_plus_gutenberg_icon_alignemt":"","sfsi_plus_gutenburg_max_per_row":"","footnotes":""},"categories":[2],"tags":[],"class_list":["post-164863","post","type-post","status-publish","format-standard","has-post-thumbnail","hentry","category-geral"],"_links":{"self":[{"href":"https:\/\/www.caririemacao.com\/1\/wp-json\/wp\/v2\/posts\/164863","targetHints":{"allow":["GET"]}}],"collection":[{"href":"https:\/\/www.caririemacao.com\/1\/wp-json\/wp\/v2\/posts"}],"about":[{"href":"https:\/\/www.caririemacao.com\/1\/wp-json\/wp\/v2\/types\/post"}],"author":[{"embeddable":true,"href":"https:\/\/www.caririemacao.com\/1\/wp-json\/wp\/v2\/users\/2"}],"replies":[{"embeddable":true,"href":"https:\/\/www.caririemacao.com\/1\/wp-json\/wp\/v2\/comments?post=164863"}],"version-history":[{"count":1,"href":"https:\/\/www.caririemacao.com\/1\/wp-json\/wp\/v2\/posts\/164863\/revisions"}],"predecessor-version":[{"id":164865,"href":"https:\/\/www.caririemacao.com\/1\/wp-json\/wp\/v2\/posts\/164863\/revisions\/164865"}],"wp:featuredmedia":[{"embeddable":true,"href":"https:\/\/www.caririemacao.com\/1\/wp-json\/wp\/v2\/media\/164864"}],"wp:attachment":[{"href":"https:\/\/www.caririemacao.com\/1\/wp-json\/wp\/v2\/media?parent=164863"}],"wp:term":[{"taxonomy":"category","embeddable":true,"href":"https:\/\/www.caririemacao.com\/1\/wp-json\/wp\/v2\/categories?post=164863"},{"taxonomy":"post_tag","embeddable":true,"href":"https:\/\/www.caririemacao.com\/1\/wp-json\/wp\/v2\/tags?post=164863"}],"curies":[{"name":"wp","href":"https:\/\/api.w.org\/{rel}","templated":true}]}}