{"id":164866,"date":"2020-04-20T08:29:16","date_gmt":"2020-04-20T11:29:16","guid":{"rendered":"http:\/\/www.caririemacao.com\/1\/?p=164866"},"modified":"2020-04-20T08:29:18","modified_gmt":"2020-04-20T11:29:18","slug":"joao-pais-precisa-de-uniao-e-respeito-as-instituicoes","status":"publish","type":"post","link":"https:\/\/www.caririemacao.com\/1\/2020\/04\/20\/joao-pais-precisa-de-uniao-e-respeito-as-instituicoes\/","title":{"rendered":"Jo\u00e3o: \u201cPa\u00eds precisa de uni\u00e3o e respeito \u00e0s institui\u00e7\u00f5es\u201d"},"content":{"rendered":"\n<p>O governador Jo\u00e3o Azev\u00eado (Cidadania) assinou uma carta conjunta com outros 19 governadores de estados brasileiros em solidariedade ao presidente do Senado, Davi Alcolumbre, e ao presidente da C\u00e2mara dos Deputados, Rodrigo Maia, em virtude das falas do presidente da Rep\u00fablica, Jair Bolsonaro, que criticou a postura dos dois.<\/p>\n\n\n\n<p>\u201cDivulgamos, por meio do Cons\u00f3rcio Nacional dos Governadores, carta em defesa da democracia, ap\u00f3s manifesta\u00e7\u00f5es que pediram o fechamento do Congresso e afrontaram nossos princ\u00edpios democr\u00e1ticos mais fundamentais.&nbsp;Nesse momento, o que pa\u00eds mais precisa \u00e9 de uni\u00e3o e respeito \u00e0s institui\u00e7\u00f5es democr\u00e1ticas\u201d, disse o gestor.<\/p>\n\n\n\n<p><strong>Confira na \u00edntegra:<\/strong><\/p>\n\n\n\n<p><em><strong>CARTA ABERTA \u00c0 SOCIEDADE BRASILEIRA EM DEFESA DA DEMOCRACIA<\/strong><\/em><\/p>\n\n\n\n<p><em>O F\u00f3rum Nacional de Governadores manifesta apoio ao Presidente do Senado Federal, Davi Alcolumbre, e ao Presidente da C\u00e2mara dos Deputados, Rodrigo Maia, diante das declara\u00e7\u00f5es do Presidente da Rep\u00fablica, Jair Bolsonaro, sobre a postura dos dois l\u00edderes do parlamento brasileiro, afrontando princ\u00edpios democr\u00e1ticos que fundamentam nossa na\u00e7\u00e3o.<\/em><\/p>\n\n\n\n<p><em>Nesse momento em que o mundo vive uma das suas maiores crises, temos testemunhado o empenho com que os presidentes do Senado e da C\u00e2mara t\u00eam se conduzido, dedicando especial aten\u00e7\u00e3o \u00e0s necessidades dos Estados, do Distrito Federal e dos Munic\u00edpios brasileiros. Ambos demonstram estar cientes de que \u00e9 nessas inst\u00e2ncias que<\/em><br><em>se d\u00e1 a mais dura luta contra nosso inimigo comum, o coronav\u00edrus, e onde, portanto, precisam ser concentrados os maiores esfor\u00e7os de socorro federativo.<\/em><\/p>\n\n\n\n<p><em>Nossa a\u00e7\u00e3o nos Estados, no Distrito Federal e nos Munic\u00edpios tem sido pautada pelos indicativos da ci\u00eancia, por orienta\u00e7\u00f5es de profissionais da sa\u00fade e pela experi\u00eancia de pa\u00edses que j\u00e1 enfrentaram etapas mais duras da pandemia, buscando, neste caso, evitar escolhas malsucedidas e seguir as exitosas.<\/em><\/p>\n\n\n\n<p><em>N\u00e3o julgamos haver conflitos inconcili\u00e1veis entre a salvaguarda da sa\u00fade da popula\u00e7\u00e3o e a prote\u00e7\u00e3o da economia nacional, ainda que os momentos para agir mais diretamente em defesa de uma e de outra possam ser distintos.<\/em><\/p>\n\n\n\n<p><em>Consideramos fundamental superar nossas eventuais diferen\u00e7as atrav\u00e9s do esfor\u00e7o do di\u00e1logo democr\u00e1tico e desprovido de vaidades.&nbsp;<\/em><\/p>\n\n\n\n<p><em>A sa\u00fade e a vida do povo brasileiro devem estar muito acima de interesses pol\u00edticos, em especial nesse momento de crise.<\/em><\/p>\n\n\n\n<p><strong>MaisPB<\/strong><\/p>\n\n\n\n<p><\/p>\n","protected":false},"excerpt":{"rendered":"<p>O governador Jo\u00e3o Azev\u00eado (Cidadania) assinou uma carta conjunta com outros 19 governadores de estados brasileiros em solidariedade ao presidente do Senado, Davi Alcolumbre, e&hellip; <\/p>\n","protected":false},"author":2,"featured_media":164602,"comment_status":"closed","ping_status":"closed","sticky":false,"template":"","format":"standard","meta":{"sfsi_plus_gutenberg_text_before_share":"","sfsi_plus_gutenberg_show_text_before_share":"","sfsi_plus_gutenberg_icon_type":"","sfsi_plus_gutenberg_icon_alignemt":"","sfsi_plus_gutenburg_max_per_row":"","footnotes":""},"categories":[2],"tags":[],"class_list":["post-164866","post","type-post","status-publish","format-standard","has-post-thumbnail","hentry","category-geral"],"_links":{"self":[{"href":"https:\/\/www.caririemacao.com\/1\/wp-json\/wp\/v2\/posts\/164866","targetHints":{"allow":["GET"]}}],"collection":[{"href":"https:\/\/www.caririemacao.com\/1\/wp-json\/wp\/v2\/posts"}],"about":[{"href":"https:\/\/www.caririemacao.com\/1\/wp-json\/wp\/v2\/types\/post"}],"author":[{"embeddable":true,"href":"https:\/\/www.caririemacao.com\/1\/wp-json\/wp\/v2\/users\/2"}],"replies":[{"embeddable":true,"href":"https:\/\/www.caririemacao.com\/1\/wp-json\/wp\/v2\/comments?post=164866"}],"version-history":[{"count":1,"href":"https:\/\/www.caririemacao.com\/1\/wp-json\/wp\/v2\/posts\/164866\/revisions"}],"predecessor-version":[{"id":164867,"href":"https:\/\/www.caririemacao.com\/1\/wp-json\/wp\/v2\/posts\/164866\/revisions\/164867"}],"wp:featuredmedia":[{"embeddable":true,"href":"https:\/\/www.caririemacao.com\/1\/wp-json\/wp\/v2\/media\/164602"}],"wp:attachment":[{"href":"https:\/\/www.caririemacao.com\/1\/wp-json\/wp\/v2\/media?parent=164866"}],"wp:term":[{"taxonomy":"category","embeddable":true,"href":"https:\/\/www.caririemacao.com\/1\/wp-json\/wp\/v2\/categories?post=164866"},{"taxonomy":"post_tag","embeddable":true,"href":"https:\/\/www.caririemacao.com\/1\/wp-json\/wp\/v2\/tags?post=164866"}],"curies":[{"name":"wp","href":"https:\/\/api.w.org\/{rel}","templated":true}]}}