{"id":164869,"date":"2020-04-20T08:31:05","date_gmt":"2020-04-20T11:31:05","guid":{"rendered":"http:\/\/www.caririemacao.com\/1\/?p=164869"},"modified":"2020-04-20T08:31:07","modified_gmt":"2020-04-20T11:31:07","slug":"pm-fecha-ruas-para-evitar-carreata-pro-bolsonaro-apoiadores-se-aglomeram","status":"publish","type":"post","link":"https:\/\/www.caririemacao.com\/1\/2020\/04\/20\/pm-fecha-ruas-para-evitar-carreata-pro-bolsonaro-apoiadores-se-aglomeram\/","title":{"rendered":"PM fecha ruas para evitar carreata pr\u00f3-Bolsonaro; apoiadores se aglomeram"},"content":{"rendered":"\n<p>A Pol\u00edcia Militar fechou as avenidas que d\u00e3o acesso \u00e0 Pra\u00e7a dos Tr\u00eas Poderes, em Jo\u00e3o Pessoa, local onde ocorreria uma manifesta\u00e7\u00e3o de apoiadores do presidente da Rep\u00fablica, Jair Bolsonaro, contra o isolamento social. Apesar de decreto estadual, os apoiadores convocaram uma carreata para este domingo (19).Impedidos de fazer carreata, cerca de 100 pessoas se aglomeraram em frente ao 1\u00ba Grupamento de Engenharia, na Avenida Epit\u00e1cio. Os manifestantes, inclusive crian\u00e7as, vestidos com as cores verde e amarelo, chegaram a se ajoelhar na avenida.<\/p>\n","protected":false},"excerpt":{"rendered":"<p>A Pol\u00edcia Militar fechou as avenidas que d\u00e3o acesso \u00e0 Pra\u00e7a dos Tr\u00eas Poderes, em Jo\u00e3o Pessoa, local onde ocorreria uma manifesta\u00e7\u00e3o de apoiadores do&hellip; <\/p>\n","protected":false},"author":2,"featured_media":164870,"comment_status":"closed","ping_status":"closed","sticky":false,"template":"","format":"standard","meta":{"sfsi_plus_gutenberg_text_before_share":"","sfsi_plus_gutenberg_show_text_before_share":"","sfsi_plus_gutenberg_icon_type":"","sfsi_plus_gutenberg_icon_alignemt":"","sfsi_plus_gutenburg_max_per_row":"","footnotes":""},"categories":[2],"tags":[],"class_list":["post-164869","post","type-post","status-publish","format-standard","has-post-thumbnail","hentry","category-geral"],"_links":{"self":[{"href":"https:\/\/www.caririemacao.com\/1\/wp-json\/wp\/v2\/posts\/164869","targetHints":{"allow":["GET"]}}],"collection":[{"href":"https:\/\/www.caririemacao.com\/1\/wp-json\/wp\/v2\/posts"}],"about":[{"href":"https:\/\/www.caririemacao.com\/1\/wp-json\/wp\/v2\/types\/post"}],"author":[{"embeddable":true,"href":"https:\/\/www.caririemacao.com\/1\/wp-json\/wp\/v2\/users\/2"}],"replies":[{"embeddable":true,"href":"https:\/\/www.caririemacao.com\/1\/wp-json\/wp\/v2\/comments?post=164869"}],"version-history":[{"count":1,"href":"https:\/\/www.caririemacao.com\/1\/wp-json\/wp\/v2\/posts\/164869\/revisions"}],"predecessor-version":[{"id":164871,"href":"https:\/\/www.caririemacao.com\/1\/wp-json\/wp\/v2\/posts\/164869\/revisions\/164871"}],"wp:featuredmedia":[{"embeddable":true,"href":"https:\/\/www.caririemacao.com\/1\/wp-json\/wp\/v2\/media\/164870"}],"wp:attachment":[{"href":"https:\/\/www.caririemacao.com\/1\/wp-json\/wp\/v2\/media?parent=164869"}],"wp:term":[{"taxonomy":"category","embeddable":true,"href":"https:\/\/www.caririemacao.com\/1\/wp-json\/wp\/v2\/categories?post=164869"},{"taxonomy":"post_tag","embeddable":true,"href":"https:\/\/www.caririemacao.com\/1\/wp-json\/wp\/v2\/tags?post=164869"}],"curies":[{"name":"wp","href":"https:\/\/api.w.org\/{rel}","templated":true}]}}