{"id":164877,"date":"2020-04-20T08:36:38","date_gmt":"2020-04-20T11:36:38","guid":{"rendered":"http:\/\/www.caririemacao.com\/1\/?p=164877"},"modified":"2020-04-20T08:36:41","modified_gmt":"2020-04-20T11:36:41","slug":"barreiras-sanitarias-realizam-desinfeccao-de-veiculos-nas-divisas-da-pb-monteiro-e-uma-delas","status":"publish","type":"post","link":"https:\/\/www.caririemacao.com\/1\/2020\/04\/20\/barreiras-sanitarias-realizam-desinfeccao-de-veiculos-nas-divisas-da-pb-monteiro-e-uma-delas\/","title":{"rendered":"Barreiras sanit\u00e1rias realizam desinfec\u00e7\u00e3o de ve\u00edculos nas divisas da PB; Monteiro \u00e9 uma delas"},"content":{"rendered":"\n<p>As barreiras sanit\u00e1rias coordenadas pela Ag\u00eancia Estadual de Vigil\u00e2ncia Sanit\u00e1ria e realizadas nas divisas da Para\u00edba com os Estados de Pernambuco, Rio Grande do Norte e Cear\u00e1 passaram, a partir deste s\u00e1bado (18), a promover a desinfec\u00e7\u00e3o (com solu\u00e7\u00e3o de detergente desinfetante) dos pneus, ma\u00e7anetas e puxadores das portas de todos os ve\u00edculos (\u00f4nibus, caminh\u00f5es, vans, carros de passeio etc) que adentram o territ\u00f3rio paraibano.<\/p>\n\n\n\n<p>Em execu\u00e7\u00e3o nas cidades de Alhandra (fronteira de Pernambuco) e de Mataraca (fronteira do Rio Grande do Norte) desde o in\u00edcio de abril, as barreiras foram instaladas tamb\u00e9m nas regi\u00f5es polarizadas pelos munic\u00edpios de Monteiro, Cuit\u00e9 e Cajazeiras (este \u00faltimo nas proximidades da divisa com o Estado do Cear\u00e1). A a\u00e7\u00e3o ser\u00e1 permanente enquanto durarem os efeitos do Decreto Estadual n\u00ba 40.122, de 13 de mar\u00e7o de 2020, assinado pelo governador Jo\u00e3o Azev\u00eado, que declarou Situa\u00e7\u00e3o de Emerg\u00eancia no Estado da Para\u00edba, segundo garantiu a diretora-geral da Agevisa\/PB, J\u00f3ria Viana Guerreiro.<\/p>\n\n\n\n<div class=\"wp-block-image\"><figure class=\"alignright\"><img decoding=\"async\" data-src=\"http:\/\/deolhonocariri.com.br\/wp-content\/uploads\/2020\/04\/BARREIRA-SANIT%C3%81RIA1.jpg.jpg\" alt=\"\" class=\"wp-image-80966 lazyload\" src=\"data:image\/svg+xml;base64,PHN2ZyB3aWR0aD0iMSIgaGVpZ2h0PSIxIiB4bWxucz0iaHR0cDovL3d3dy53My5vcmcvMjAwMC9zdmciPjwvc3ZnPg==\" \/><\/figure><\/div>\n\n\n\n<p>Segundo ressaltou o coordenador das barreiras sanit\u00e1rias e diretor-t\u00e9cnico de Sa\u00fade da Agevisa\/PB, Geraldo Moreira de Menezes, a barreira \u00e9 executada por dirigentes e t\u00e9cnicos da ag\u00eancia reguladora estadual, em parceria com agentes da Pol\u00edcia Militar, do Corpo de Bombeiros, do Departamento de Estradas de Rodagem, da Pol\u00edcia Rodovi\u00e1ria Federal e tamb\u00e9m das Secretarias de Sa\u00fade dos Munic\u00edpios onde os trabalhos s\u00e3o realizados.<\/p>\n\n\n\n<p>A a\u00e7\u00e3o se soma ao trabalho de aferi\u00e7\u00e3o da temperatura corporal dos condutores e passageiros dos ve\u00edculos automotores, que tem o objetivo de identificar se apresentam sintomas do coronav\u00edrus, tais como febre, tosse (seca ou com secre\u00e7\u00e3o), dores no corpo, congestionamento nasal, inflama\u00e7\u00e3o da garganta ou diarreia. No caso da temperatura corporal, esta n\u00e3o pode ser igual ou superior a 37,8 graus.<\/p>\n\n\n\n<p>As barreiras sanit\u00e1rias come\u00e7aram a ser instaladas na Para\u00edba a partir da segunda quinzena de mar\u00e7o, iniciando-se pelo Aeroporto Internacional Castro Pinto, na Grande Jo\u00e3o Pessoa; estendendo-se aos terminais rodovi\u00e1rios que recebem \u00f4nibus interestaduais, nos munic\u00edpios de Jo\u00e3o Pessoa, Guarabira, Campina Grande, Patos e Cajazeiras, e chegando, em 09 de abril, \u00e0s divisas da Para\u00edba com Pernambuco e Rio Grande do Norte, e, neste s\u00e1bado (18), \u00e0 fronteira com o Cear\u00e1 (em Cajazeiras, no Alto Sert\u00e3o paraibano), e \u00e0s regi\u00f5es de Monteiro (no Cariri) e Cuit\u00e9 (no Curimata\u00fa).<\/p>\n\n\n\n<div class=\"wp-block-image\"><figure class=\"aligncenter\"><img decoding=\"async\" data-src=\"http:\/\/deolhonocariri.com.br\/wp-content\/uploads\/2020\/04\/unnamed-1511.jpg\" alt=\"\" class=\"wp-image-80959 lazyload\" src=\"data:image\/svg+xml;base64,PHN2ZyB3aWR0aD0iMSIgaGVpZ2h0PSIxIiB4bWxucz0iaHR0cDovL3d3dy53My5vcmcvMjAwMC9zdmciPjwvc3ZnPg==\" \/><\/figure><\/div>\n\n\n\n<p>Em todos os locais, al\u00e9m de procederem \u00e0 aferi\u00e7\u00e3o da temperatura corporal dos condutores e passageiros dos ve\u00edculos, de observarem se h\u00e1 sintomas de infec\u00e7\u00e3o pelo coronav\u00edrus e de realizarem as demais atividades conforme o tipo de cada barreira sanit\u00e1ria (desinfec\u00e7\u00e3o dos autom\u00f3veis nas fronteiras, por exemplo), os profissionais tamb\u00e9m prestam esclarecimentos sobre o que \u00e9 a Covid-19, sobre os cuidados de isolamento social e higiene que devem ser tomados para evit\u00e1-la e sobre os procedimentos que devem ser observados e seguidos nos casos de suspeita ou confirma\u00e7\u00e3o da infec\u00e7\u00e3o pelo novo coronav\u00edrus.<\/p>\n\n\n\n<p>No caso de passageiros apresentarem alguma suspeita de infec\u00e7\u00e3o pelo coronav\u00edrus, os profissionais da Vigil\u00e2ncia Sanit\u00e1ria est\u00e3o orientados a oferecer-lhes imediatamente m\u00e1scara cir\u00fargica, a orient\u00e1-los para cumprir quarentena por 14 dias e a comunicar imediatamente o caso \u00e0s vigil\u00e2ncias epidemiol\u00f3gicas dos munic\u00edpios para onde os mesmos se destinam.<\/p>\n","protected":false},"excerpt":{"rendered":"<p>As barreiras sanit\u00e1rias coordenadas pela Ag\u00eancia Estadual de Vigil\u00e2ncia Sanit\u00e1ria e realizadas nas divisas da Para\u00edba com os Estados de Pernambuco, Rio Grande do Norte&hellip; <\/p>\n","protected":false},"author":2,"featured_media":164879,"comment_status":"closed","ping_status":"closed","sticky":false,"template":"","format":"standard","meta":{"sfsi_plus_gutenberg_text_before_share":"","sfsi_plus_gutenberg_show_text_before_share":"","sfsi_plus_gutenberg_icon_type":"","sfsi_plus_gutenberg_icon_alignemt":"","sfsi_plus_gutenburg_max_per_row":"","footnotes":""},"categories":[50,2],"tags":[],"class_list":["post-164877","post","type-post","status-publish","format-standard","has-post-thumbnail","hentry","category-destaque","category-geral"],"_links":{"self":[{"href":"https:\/\/www.caririemacao.com\/1\/wp-json\/wp\/v2\/posts\/164877","targetHints":{"allow":["GET"]}}],"collection":[{"href":"https:\/\/www.caririemacao.com\/1\/wp-json\/wp\/v2\/posts"}],"about":[{"href":"https:\/\/www.caririemacao.com\/1\/wp-json\/wp\/v2\/types\/post"}],"author":[{"embeddable":true,"href":"https:\/\/www.caririemacao.com\/1\/wp-json\/wp\/v2\/users\/2"}],"replies":[{"embeddable":true,"href":"https:\/\/www.caririemacao.com\/1\/wp-json\/wp\/v2\/comments?post=164877"}],"version-history":[{"count":1,"href":"https:\/\/www.caririemacao.com\/1\/wp-json\/wp\/v2\/posts\/164877\/revisions"}],"predecessor-version":[{"id":164880,"href":"https:\/\/www.caririemacao.com\/1\/wp-json\/wp\/v2\/posts\/164877\/revisions\/164880"}],"wp:featuredmedia":[{"embeddable":true,"href":"https:\/\/www.caririemacao.com\/1\/wp-json\/wp\/v2\/media\/164879"}],"wp:attachment":[{"href":"https:\/\/www.caririemacao.com\/1\/wp-json\/wp\/v2\/media?parent=164877"}],"wp:term":[{"taxonomy":"category","embeddable":true,"href":"https:\/\/www.caririemacao.com\/1\/wp-json\/wp\/v2\/categories?post=164877"},{"taxonomy":"post_tag","embeddable":true,"href":"https:\/\/www.caririemacao.com\/1\/wp-json\/wp\/v2\/tags?post=164877"}],"curies":[{"name":"wp","href":"https:\/\/api.w.org\/{rel}","templated":true}]}}