{"id":164882,"date":"2020-04-20T08:37:53","date_gmt":"2020-04-20T11:37:53","guid":{"rendered":"http:\/\/www.caririemacao.com\/1\/?p=164882"},"modified":"2020-04-20T08:37:55","modified_gmt":"2020-04-20T11:37:55","slug":"decreto-prorroga-isolamento-social-ate-maio-em-cidades-na-pb-com-casos-de-coronavirus","status":"publish","type":"post","link":"https:\/\/www.caririemacao.com\/1\/2020\/04\/20\/decreto-prorroga-isolamento-social-ate-maio-em-cidades-na-pb-com-casos-de-coronavirus\/","title":{"rendered":"Decreto prorroga isolamento social at\u00e9 maio em cidades na PB com casos de coronav\u00edrus"},"content":{"rendered":"\n<p>Foram prorrogadas as medidas de isolamento social nos munic\u00edpios paraibanos com casos confirmados de Covid-19, doen\u00e7a causada pelo novo coronav\u00edrus. A determina\u00e7\u00e3o foi disponibilizada no final da tarde desta sexta-feira (17) e ser\u00e1 publicada na edi\u00e7\u00e3o do Di\u00e1rio Oficial do Estado (DOE) do s\u00e1bado (18). Conforme o documento, as medidas valem para as cidades e suas regi\u00f5es metropolitanas.<\/p>\n\n\n\n<p>De acordo com o decreto assinado pelo governador Jo\u00e3o Azev\u00eado,&nbsp;as a\u00e7\u00f5es que seriam aplicadas at\u00e9 o domingo (19), ser\u00e3o estendidas inicialmente at\u00e9 o dia 3 de maio.<\/p>\n\n\n\n<p>Conforme o decreto, aulas presenciais em escolas, universidades e faculdades da rede p\u00fablica e privada em todo o territ\u00f3rio estadual ficam suspensas at\u00e9 o dia 03 de maio deste ano.<\/p>\n\n\n\n<p>Fica permitido, a partir da pr\u00f3xima segunda-feira (20), o funcionamento de \u00f3ticas e de estabelecimentos que comercializem produtos m\u00e9dicos\/hospitalares, que poder\u00e3o funcionar, exclusivamente, por meio de entrega em domic\u00edlio ou como ponto de retirada de mercadorias e com agendamento de atendimento. A medida foi tomada para evitar aglomera\u00e7\u00e3o de pessoas.<\/p>\n\n\n\n<p>Tamb\u00e9m foram liberadas as atividades de concession\u00e1rias de ve\u00edculos automotores novos e usados, desde que o hor\u00e1rio de funcionamento deles siga o que foi estabelecido nos decretos municipais.<\/p>\n\n\n\n<p>Os estabelecimentos com as atividades comerciais permitidas s\u00e3o obrigados a fornecer m\u00e1scaras para todos os funcion\u00e1rios, prestadores de servi\u00e7o, colaboradores e clientes. Fica proibida a perman\u00eancia de qualquer pessoa no interior da empresa ou em filas para atendimento formadas fora delas, sem a utiliza\u00e7\u00e3o de m\u00e1scaras.<\/p>\n\n\n\n<p>As a\u00e7\u00f5es ser\u00e3o fiscalizadas pelo Procon, pelos \u00f3rg\u00e3os de vigil\u00e2ncia sanit\u00e1ria estadual e municipais e pela Pol\u00edcia Militar do Estado da Para\u00edba. Em caso de descumprimento, o estabelecimento pode ser multado ou fechado. Os recursos oriundos das multas aplicadas ser\u00e3o destinados \u00e0s medidas de combate da Covid-19.<\/p>\n\n\n\n<p>Ainda de acordo com o documento, n\u00e3o ser\u00e1 permitido o trabalho presencial de servidores estaduais que tenham hist\u00f3rico de doen\u00e7as respirat\u00f3rias ou doen\u00e7as cr\u00f4nicas, ou que familiares que habitam a mesma resid\u00eancia e tenham doen\u00e7as cr\u00f4nicas; gestantes e lactantes; que utilizam medicamentos imunossupressores; que manifestarem sintomas respirat\u00f3rios, como febre, tosse, coriza ou dificuldade para respirar.<\/p>\n","protected":false},"excerpt":{"rendered":"<p>Foram prorrogadas as medidas de isolamento social nos munic\u00edpios paraibanos com casos confirmados de Covid-19, doen\u00e7a causada pelo novo coronav\u00edrus. A determina\u00e7\u00e3o foi disponibilizada no&hellip; <\/p>\n","protected":false},"author":2,"featured_media":164883,"comment_status":"closed","ping_status":"closed","sticky":false,"template":"","format":"standard","meta":{"sfsi_plus_gutenberg_text_before_share":"","sfsi_plus_gutenberg_show_text_before_share":"","sfsi_plus_gutenberg_icon_type":"","sfsi_plus_gutenberg_icon_alignemt":"","sfsi_plus_gutenburg_max_per_row":"","footnotes":""},"categories":[2],"tags":[],"class_list":["post-164882","post","type-post","status-publish","format-standard","has-post-thumbnail","hentry","category-geral"],"_links":{"self":[{"href":"https:\/\/www.caririemacao.com\/1\/wp-json\/wp\/v2\/posts\/164882","targetHints":{"allow":["GET"]}}],"collection":[{"href":"https:\/\/www.caririemacao.com\/1\/wp-json\/wp\/v2\/posts"}],"about":[{"href":"https:\/\/www.caririemacao.com\/1\/wp-json\/wp\/v2\/types\/post"}],"author":[{"embeddable":true,"href":"https:\/\/www.caririemacao.com\/1\/wp-json\/wp\/v2\/users\/2"}],"replies":[{"embeddable":true,"href":"https:\/\/www.caririemacao.com\/1\/wp-json\/wp\/v2\/comments?post=164882"}],"version-history":[{"count":1,"href":"https:\/\/www.caririemacao.com\/1\/wp-json\/wp\/v2\/posts\/164882\/revisions"}],"predecessor-version":[{"id":164884,"href":"https:\/\/www.caririemacao.com\/1\/wp-json\/wp\/v2\/posts\/164882\/revisions\/164884"}],"wp:featuredmedia":[{"embeddable":true,"href":"https:\/\/www.caririemacao.com\/1\/wp-json\/wp\/v2\/media\/164883"}],"wp:attachment":[{"href":"https:\/\/www.caririemacao.com\/1\/wp-json\/wp\/v2\/media?parent=164882"}],"wp:term":[{"taxonomy":"category","embeddable":true,"href":"https:\/\/www.caririemacao.com\/1\/wp-json\/wp\/v2\/categories?post=164882"},{"taxonomy":"post_tag","embeddable":true,"href":"https:\/\/www.caririemacao.com\/1\/wp-json\/wp\/v2\/tags?post=164882"}],"curies":[{"name":"wp","href":"https:\/\/api.w.org\/{rel}","templated":true}]}}