{"id":164888,"date":"2020-04-20T09:21:15","date_gmt":"2020-04-20T12:21:15","guid":{"rendered":"http:\/\/www.caririemacao.com\/1\/?p=164888"},"modified":"2020-04-20T09:21:17","modified_gmt":"2020-04-20T12:21:17","slug":"policia-militar-prende-acusado-de-matar-prefeito-da-cidade-de-grangeiro-ce-em-monteiro","status":"publish","type":"post","link":"https:\/\/www.caririemacao.com\/1\/2020\/04\/20\/policia-militar-prende-acusado-de-matar-prefeito-da-cidade-de-grangeiro-ce-em-monteiro\/","title":{"rendered":"Pol\u00edcia Militar prende acusado de matar prefeito da cidade de Grangeiro-CE em Monteiro"},"content":{"rendered":"\n<figure class=\"wp-block-image\"><a href=\"https:\/\/www.portaltvcariri.com.br\/wp-content\/uploads\/2020\/04\/WhatsApp-Image-2020-04-19-at-22.02.41.jpeg\"><img decoding=\"async\" data-src=\"https:\/\/www.portaltvcariri.com.br\/wp-content\/uploads\/2020\/04\/WhatsApp-Image-2020-04-19-at-22.02.41.jpeg\" alt=\"\" src=\"data:image\/svg+xml;base64,PHN2ZyB3aWR0aD0iMSIgaGVpZ2h0PSIxIiB4bWxucz0iaHR0cDovL3d3dy53My5vcmcvMjAwMC9zdmciPjwvc3ZnPg==\" class=\"lazyload\" \/><\/a><\/figure>\n\n\n\n<p>LEIA TAMB\u00c9M<ins><\/ins><\/p>\n\n\n\n<p>Na madrugada do dia 19 de abril de 2020, foi preso na cidade de Monteiro, um dos acusados de participar do homic\u00eddio contra o prefeito da cidade de Grangeiro-CE. O crime ocorreu no final do ano de 2019, e o mesmo estava sendo procurado pela justi\u00e7a.<\/p>\n\n\n\n<p>O acusado havia acabado de praticar crime de estelionato em um posto de combust\u00edvel na cidade de Sum\u00e9-PB, onde saiu rapidamente sem pagar o combust\u00edvel, fugindo em dire\u00e7\u00e3o a cidade de Monteiro-PB. O COPOM informou as guarni\u00e7\u00f5es do 11\u00ba BPM, que estavam na Opera\u00e7\u00e3o Tiradentes, o qual o interceptaram na entrada da cidade de Monteiro-PB.<\/p>\n\n\n\n<p>O acusado com 31 anos de idade, foi conduzido para a Delegacia de Pol\u00edcia Civil de Monteiro, onde foi averiguado que o mesmo possui um mandado de pris\u00e3o.<\/p>\n\n\n\n<p><strong>Relembre o caso<\/strong><ins><\/ins><\/p>\n\n\n\n<div class=\"wp-block-image\"><figure class=\"aligncenter\"><a href=\"https:\/\/www.portaltvcariri.com.br\/policia-militar-prende-acusado-de-matar-prefeito-da-cidade-de-grangeiro-ce-em-monteiro\/prefeito-assassinado\/\"><img decoding=\"async\" data-src=\"https:\/\/www.portaltvcariri.com.br\/wp-content\/uploads\/2020\/04\/prefeito-assassinado.jpg\" alt=\"prefeito assassinado\" class=\"wp-image-111257 lazyload\" src=\"data:image\/svg+xml;base64,PHN2ZyB3aWR0aD0iMSIgaGVpZ2h0PSIxIiB4bWxucz0iaHR0cDovL3d3dy53My5vcmcvMjAwMC9zdmciPjwvc3ZnPg==\" \/><\/a><\/figure><\/div>\n\n\n\n<p>Jo\u00e3o Greg\u00f3rio Neto foi assassinado a tiros na manh\u00e3 do dia 24 de dezembro de 2019, enquanto caminhava pr\u00f3ximo \u00e0 parede do A\u00e7ude do Junco.<\/p>\n\n\n\n<p>Segundo a Secretaria de Seguran\u00e7a P\u00fablica e Defesa Social (SSPDS), equipes da Delegacia Regional de Juazeiro do Norte, da Regional de Iguatu e do Departamento de Pol\u00edcia Judici\u00e1ria do Interior Sul da Pol\u00edcia Civil, trabalharam em conjunto para identificar e localizar os poss\u00edveis suspeitos.<\/p>\n","protected":false},"excerpt":{"rendered":"<p>LEIA TAMB\u00c9M Na madrugada do dia 19 de abril de 2020, foi preso na cidade de Monteiro, um dos acusados de participar do homic\u00eddio contra&hellip; <\/p>\n","protected":false},"author":2,"featured_media":161101,"comment_status":"closed","ping_status":"closed","sticky":false,"template":"","format":"standard","meta":{"sfsi_plus_gutenberg_text_before_share":"","sfsi_plus_gutenberg_show_text_before_share":"","sfsi_plus_gutenberg_icon_type":"","sfsi_plus_gutenberg_icon_alignemt":"","sfsi_plus_gutenburg_max_per_row":"","footnotes":""},"categories":[50,12],"tags":[],"class_list":["post-164888","post","type-post","status-publish","format-standard","has-post-thumbnail","hentry","category-destaque","category-policia"],"_links":{"self":[{"href":"https:\/\/www.caririemacao.com\/1\/wp-json\/wp\/v2\/posts\/164888","targetHints":{"allow":["GET"]}}],"collection":[{"href":"https:\/\/www.caririemacao.com\/1\/wp-json\/wp\/v2\/posts"}],"about":[{"href":"https:\/\/www.caririemacao.com\/1\/wp-json\/wp\/v2\/types\/post"}],"author":[{"embeddable":true,"href":"https:\/\/www.caririemacao.com\/1\/wp-json\/wp\/v2\/users\/2"}],"replies":[{"embeddable":true,"href":"https:\/\/www.caririemacao.com\/1\/wp-json\/wp\/v2\/comments?post=164888"}],"version-history":[{"count":1,"href":"https:\/\/www.caririemacao.com\/1\/wp-json\/wp\/v2\/posts\/164888\/revisions"}],"predecessor-version":[{"id":164889,"href":"https:\/\/www.caririemacao.com\/1\/wp-json\/wp\/v2\/posts\/164888\/revisions\/164889"}],"wp:featuredmedia":[{"embeddable":true,"href":"https:\/\/www.caririemacao.com\/1\/wp-json\/wp\/v2\/media\/161101"}],"wp:attachment":[{"href":"https:\/\/www.caririemacao.com\/1\/wp-json\/wp\/v2\/media?parent=164888"}],"wp:term":[{"taxonomy":"category","embeddable":true,"href":"https:\/\/www.caririemacao.com\/1\/wp-json\/wp\/v2\/categories?post=164888"},{"taxonomy":"post_tag","embeddable":true,"href":"https:\/\/www.caririemacao.com\/1\/wp-json\/wp\/v2\/tags?post=164888"}],"curies":[{"name":"wp","href":"https:\/\/api.w.org\/{rel}","templated":true}]}}