{"id":164898,"date":"2020-04-20T09:47:02","date_gmt":"2020-04-20T12:47:02","guid":{"rendered":"http:\/\/www.caririemacao.com\/1\/?p=164898"},"modified":"2020-04-20T09:47:04","modified_gmt":"2020-04-20T12:47:04","slug":"estabelecimentos-comerciais-autorizados-a-funcionar-durante-isolamento-podem-abrir-a-partir-desta-segunda-na-paraiba","status":"publish","type":"post","link":"https:\/\/www.caririemacao.com\/1\/2020\/04\/20\/estabelecimentos-comerciais-autorizados-a-funcionar-durante-isolamento-podem-abrir-a-partir-desta-segunda-na-paraiba\/","title":{"rendered":"Estabelecimentos comerciais autorizados a funcionar durante isolamento podem abrir a partir desta segunda na Para\u00edba"},"content":{"rendered":"\n<p>\u00d3ticas, com\u00e9rcio de produtos m\u00e9dicos e concession\u00e1rias de carros&nbsp;poder\u00e3o abrir a partir desta segunda-feira (20), na Para\u00edba.&nbsp;Todos os estabelecimentos comerciais que estiverem abertos&nbsp;ter\u00e3o que fornecer m\u00e1scaras a funcion\u00e1rios e clientes.<\/p>\n\n\n\n<p>A decis\u00e3o&nbsp;foi do governador da Para\u00edba, Jo\u00e3o Azev\u00eado,&nbsp;e foi publicada no Di\u00e1rio Oficial do \u00faltimo s\u00e1bado (18).<\/p>\n\n\n\n<p>De acordo com o texto do decreto, as \u00f3ticas e os estabelecimentos que comercializam produtos m\u00e9dicos ou hospitalares ter\u00e3o que funcionar exclusivamente com servi\u00e7o de delivery ou com agendamento para retirada de mercadorias.<\/p>\n\n\n\n<p>J\u00e1 as concession\u00e1rias de ve\u00edculos novos e usados ser\u00e3o autorizadas a funcionar desde que n\u00e3o haja aglomera\u00e7\u00e3o de pessoas. Tamb\u00e9m dever\u00e1 ser observado o hor\u00e1rio de funcionamento estabelecido pelos munic\u00edpios.<\/p>\n\n\n\n<p>Segundo o decreto, est\u00e1 proibida a perman\u00eancia de qualquer pessoa no interior do estabelecimento ou em filas do lado de fora que n\u00e3o esteja usando m\u00e1scara.<\/p>\n\n\n\n<p><em>Click PB<\/em><\/p>\n","protected":false},"excerpt":{"rendered":"<p>\u00d3ticas, com\u00e9rcio de produtos m\u00e9dicos e concession\u00e1rias de carros&nbsp;poder\u00e3o abrir a partir desta segunda-feira (20), na Para\u00edba.&nbsp;Todos os estabelecimentos comerciais que estiverem abertos&nbsp;ter\u00e3o que fornecer&hellip; <\/p>\n","protected":false},"author":1,"featured_media":164434,"comment_status":"closed","ping_status":"closed","sticky":false,"template":"","format":"standard","meta":{"sfsi_plus_gutenberg_text_before_share":"","sfsi_plus_gutenberg_show_text_before_share":"","sfsi_plus_gutenberg_icon_type":"","sfsi_plus_gutenberg_icon_alignemt":"","sfsi_plus_gutenburg_max_per_row":"","footnotes":""},"categories":[50],"tags":[],"class_list":["post-164898","post","type-post","status-publish","format-standard","has-post-thumbnail","hentry","category-destaque"],"_links":{"self":[{"href":"https:\/\/www.caririemacao.com\/1\/wp-json\/wp\/v2\/posts\/164898","targetHints":{"allow":["GET"]}}],"collection":[{"href":"https:\/\/www.caririemacao.com\/1\/wp-json\/wp\/v2\/posts"}],"about":[{"href":"https:\/\/www.caririemacao.com\/1\/wp-json\/wp\/v2\/types\/post"}],"author":[{"embeddable":true,"href":"https:\/\/www.caririemacao.com\/1\/wp-json\/wp\/v2\/users\/1"}],"replies":[{"embeddable":true,"href":"https:\/\/www.caririemacao.com\/1\/wp-json\/wp\/v2\/comments?post=164898"}],"version-history":[{"count":1,"href":"https:\/\/www.caririemacao.com\/1\/wp-json\/wp\/v2\/posts\/164898\/revisions"}],"predecessor-version":[{"id":164899,"href":"https:\/\/www.caririemacao.com\/1\/wp-json\/wp\/v2\/posts\/164898\/revisions\/164899"}],"wp:featuredmedia":[{"embeddable":true,"href":"https:\/\/www.caririemacao.com\/1\/wp-json\/wp\/v2\/media\/164434"}],"wp:attachment":[{"href":"https:\/\/www.caririemacao.com\/1\/wp-json\/wp\/v2\/media?parent=164898"}],"wp:term":[{"taxonomy":"category","embeddable":true,"href":"https:\/\/www.caririemacao.com\/1\/wp-json\/wp\/v2\/categories?post=164898"},{"taxonomy":"post_tag","embeddable":true,"href":"https:\/\/www.caririemacao.com\/1\/wp-json\/wp\/v2\/tags?post=164898"}],"curies":[{"name":"wp","href":"https:\/\/api.w.org\/{rel}","templated":true}]}}