{"id":164900,"date":"2020-04-20T09:49:02","date_gmt":"2020-04-20T12:49:02","guid":{"rendered":"http:\/\/www.caririemacao.com\/1\/?p=164900"},"modified":"2020-04-20T09:57:16","modified_gmt":"2020-04-20T12:57:16","slug":"estreia-hoje-live-com-jane-erica-tratara-sobre-a-inteligencia-emocional-em-tempos-de-pandemia","status":"publish","type":"post","link":"https:\/\/www.caririemacao.com\/1\/2020\/04\/20\/estreia-hoje-live-com-jane-erica-tratara-sobre-a-inteligencia-emocional-em-tempos-de-pandemia\/","title":{"rendered":"ESTREIA HOJE: Live com Jane \u00c9rica tratar\u00e1 sobre a intelig\u00eancia emocional em tempos de pandemia"},"content":{"rendered":"\n<p>Administradora especialista em Gest\u00e3o de Pessoas, Analista Comportamental e Master Coach pelo IBC, Jane \u00c9rica, atual secret\u00e1ria de Educa\u00e7\u00e3o na cidade de Gurj\u00e3o, inicia nesta segunda-feira, dia 20 de abril, lives que tratar\u00e3o sobre v\u00e1rios temas, entre eles,  Familia, Trabalho Carreira e Voca\u00e7\u00e3o, buscando o  desenvolvimento do Autoconhecimento e Poder da A\u00e7\u00e3o na busca dos resultados;<\/p>\n\n\n\n<p>Na <strong><em>live<\/em><\/strong> inicial desta\nsegunda-feira, dia 20, Jane Erika vai falar sobre a intelig\u00eancia emocional em\ntempos de pandemia. As pessoas poder\u00e3o acompanhar no endere\u00e7o no instagram (@somnusconsultoria).\n<\/p>\n\n\n\n<p><strong>Confira abaixo, artigo escrito por Jane Erika\nsobre o tema que ser\u00e1 abordado na primeira live: <\/strong><\/p>\n\n\n\n<p>Diante de um momento\nbastante desafiador, no qual not\u00edcias todas as partes surgem de maneira\ndesencontradas e alarmantes. \u00c9 como se estiv\u00e9ssemos que enfrentar um&nbsp;<strong>inimigo invis\u00edvel<\/strong>, com superpoderes\ndesconhecidos, e muito r\u00e1pido. Frente a isso, claro que algumas emo\u00e7\u00f5es\naparecem de forma muito intensa, gerando grande mal-estar para todos.<\/p>\n\n\n\n<p>O que fazer diante de\nalgo que n\u00e3o se sabe de onde vem, como vem, quais as consequ\u00eancias, quais os\nsintomas e quanto tempo vai durar. Com todas essas&nbsp;<strong>incertezas e inseguran\u00e7as<\/strong>, temos a\npossibilidade de testar a&nbsp;<strong>inteligencia emocional<\/strong>, o que ajuda a ficar mais conectados com a realidade da\nsitua\u00e7\u00e3o, sem entrar em p\u00e2nico, mas tamb\u00e9m sem desconsiderar a gravidade. <\/p>\n\n\n\n<p>O que fazer para manter\na serenidade necess\u00e1ria? N\u00e3o tem receita pronta, mas \u00e9 importante compartilhar\no que acredita-se que seja o caminho: Buscar significado em meio a essa\nturbul\u00eancia: o que estou aprendendo? o que precisamos aprender? S\u00f3 nesse ponto\nh\u00e1 v\u00e1rios&nbsp;aspectos a serem considerados: por exemplo: qual o valor real\ndas coisas? Em um momento como esse \u00e9 que se observa que, de um momento para o\noutro, tudo muda&#8230; as necessidades sup\u00e9rfluas&nbsp;ficam evidentes e o que\nprecisamos<strong>&nbsp;\u00e9 sa\u00fade<\/strong>, alimento e um local para nos abrigar.&nbsp;Reconhecer a\nemo\u00e7\u00e3o que est\u00e1 sentindo e levar raz\u00e3o a ela, transcender, ressignificar, usar\no tempo e a mente para produzir, aprender e desenvolver-se, ficar preso ao\nproblema, n\u00e3o far\u00e1 com que se resolva mais r\u00e1pido. <\/p>\n\n\n\n<p>Precisa-se gerenciar as\nemo\u00e7\u00f5es e \u00e9 neste sentido que a Live INTELIGENCIA&nbsp;EMOCIONAL EM TEMPOS DE\nPANDEMIA, em parceria com a AMCAP, buscar\u00e1 trazer algum conforto e orienta\u00e7\u00e3o\nquanto aos cuidados com a sa\u00fade emocional, para o povo do Cariri que est\u00e3o,\nrespeitosamente, em Isolamento Social.&nbsp;<\/p>\n","protected":false},"excerpt":{"rendered":"<p>Administradora especialista em Gest\u00e3o de Pessoas, Analista Comportamental e Master Coach pelo IBC, Jane \u00c9rica, atual secret\u00e1ria de Educa\u00e7\u00e3o na cidade de Gurj\u00e3o, inicia nesta&hellip; <\/p>\n","protected":false},"author":1,"featured_media":164901,"comment_status":"closed","ping_status":"closed","sticky":false,"template":"","format":"standard","meta":{"sfsi_plus_gutenberg_text_before_share":"","sfsi_plus_gutenberg_show_text_before_share":"","sfsi_plus_gutenberg_icon_type":"","sfsi_plus_gutenberg_icon_alignemt":"","sfsi_plus_gutenburg_max_per_row":"","footnotes":""},"categories":[50,14],"tags":[],"class_list":["post-164900","post","type-post","status-publish","format-standard","has-post-thumbnail","hentry","category-destaque","category-educacao"],"_links":{"self":[{"href":"https:\/\/www.caririemacao.com\/1\/wp-json\/wp\/v2\/posts\/164900","targetHints":{"allow":["GET"]}}],"collection":[{"href":"https:\/\/www.caririemacao.com\/1\/wp-json\/wp\/v2\/posts"}],"about":[{"href":"https:\/\/www.caririemacao.com\/1\/wp-json\/wp\/v2\/types\/post"}],"author":[{"embeddable":true,"href":"https:\/\/www.caririemacao.com\/1\/wp-json\/wp\/v2\/users\/1"}],"replies":[{"embeddable":true,"href":"https:\/\/www.caririemacao.com\/1\/wp-json\/wp\/v2\/comments?post=164900"}],"version-history":[{"count":2,"href":"https:\/\/www.caririemacao.com\/1\/wp-json\/wp\/v2\/posts\/164900\/revisions"}],"predecessor-version":[{"id":164907,"href":"https:\/\/www.caririemacao.com\/1\/wp-json\/wp\/v2\/posts\/164900\/revisions\/164907"}],"wp:featuredmedia":[{"embeddable":true,"href":"https:\/\/www.caririemacao.com\/1\/wp-json\/wp\/v2\/media\/164901"}],"wp:attachment":[{"href":"https:\/\/www.caririemacao.com\/1\/wp-json\/wp\/v2\/media?parent=164900"}],"wp:term":[{"taxonomy":"category","embeddable":true,"href":"https:\/\/www.caririemacao.com\/1\/wp-json\/wp\/v2\/categories?post=164900"},{"taxonomy":"post_tag","embeddable":true,"href":"https:\/\/www.caririemacao.com\/1\/wp-json\/wp\/v2\/tags?post=164900"}],"curies":[{"name":"wp","href":"https:\/\/api.w.org\/{rel}","templated":true}]}}