{"id":164903,"date":"2020-04-20T09:52:58","date_gmt":"2020-04-20T12:52:58","guid":{"rendered":"http:\/\/www.caririemacao.com\/1\/?p=164903"},"modified":"2020-04-20T09:53:00","modified_gmt":"2020-04-20T12:53:00","slug":"educacao-sao-jose-dos-cordeiros-adotara-aulas-virtuais-durante-isolamento","status":"publish","type":"post","link":"https:\/\/www.caririemacao.com\/1\/2020\/04\/20\/educacao-sao-jose-dos-cordeiros-adotara-aulas-virtuais-durante-isolamento\/","title":{"rendered":"Educa\u00e7\u00e3o: S\u00e3o Jos\u00e9 dos Cordeiros adotar\u00e1 aulas virtuais durante isolamento"},"content":{"rendered":"\n<p>A reuni\u00e3o preparat\u00f3ria para defini\u00e7\u00e3o do futuro das aulas na rede municipal de S\u00e3o Jos\u00e9 dos Cordeiros j\u00e1 foi na plataforma digital. O resultado n\u00e3o poderia ser outro. Em meio as orienta\u00e7\u00f5es para continuidade do isolamento social, a Secretaria de Educa\u00e7\u00e3o do munic\u00edpio resolveu adotar uma estrat\u00e9gia para continuidade do ano letivo, mesmo sem que os alunos estejam em sala de aula.<\/p>\n\n\n\n<p>Segundo a secret\u00e1ria de educa\u00e7\u00e3o, Fl\u00e1via Dowsley, a partir desta segunda-feira (20), as escolas do munic\u00edpio criar\u00e3o grupos de whatsapp com a presen\u00e7a de alunos e professores, onde diariamente ser\u00e3o enviadas aulas virtuais e tarefas escolares, que dever\u00e3o ser realizadas pelos alunos e reenviadas para o educador. A inten\u00e7\u00e3o \u00e9 n\u00e3o inviabilizar o ano letivo da Rede Municipal e dar \u00e0s crian\u00e7as e jovens cordeirenses atividades em casa neste tempo ocioso provocado pelo isolamento social.<\/p>\n\n\n\n<p>A defini\u00e7\u00e3o das estrat\u00e9gias se deu em uma reuni\u00e3o por v\u00eddeo confer\u00eancia entre os t\u00e9cnicos da Secretaria de Educa\u00e7\u00e3o e os professores da rede nesta sexta-feira (17). O aluno que n\u00e3o tem internet, a Secretaria de Educa\u00e7\u00e3o se encarregar\u00e1 de repassar por escrito a tarefa ao aluno.<\/p>\n\n\n\n<p>A secret\u00e1ria Fl\u00e1via Dowsley esclareceu que aguarda a publica\u00e7\u00e3o do novo decreto do Governo do Estado para orientar o prefeito Jefferson Roberto nas determina\u00e7\u00f5es relacionadas \u00e0 educa\u00e7\u00e3o no \u00e2mbito do munic\u00edpio. A titular da educa\u00e7\u00e3o pediu aos professores, pais e alunos empenho e compreens\u00e3o para este momento \u00edmpar da hist\u00f3ria mundial, que exige esfor\u00e7os e solidariedade para sua supera\u00e7\u00e3o.<\/p>\n\n\n\n<p>Com De olho no Cariri<\/p>\n","protected":false},"excerpt":{"rendered":"<p>A reuni\u00e3o preparat\u00f3ria para defini\u00e7\u00e3o do futuro das aulas na rede municipal de S\u00e3o Jos\u00e9 dos Cordeiros j\u00e1 foi na plataforma digital. O resultado n\u00e3o&hellip; <\/p>\n","protected":false},"author":1,"featured_media":164904,"comment_status":"closed","ping_status":"closed","sticky":false,"template":"","format":"standard","meta":{"sfsi_plus_gutenberg_text_before_share":"","sfsi_plus_gutenberg_show_text_before_share":"","sfsi_plus_gutenberg_icon_type":"","sfsi_plus_gutenberg_icon_alignemt":"","sfsi_plus_gutenburg_max_per_row":"","footnotes":""},"categories":[6,50],"tags":[],"class_list":["post-164903","post","type-post","status-publish","format-standard","has-post-thumbnail","hentry","category-cidades","category-destaque"],"_links":{"self":[{"href":"https:\/\/www.caririemacao.com\/1\/wp-json\/wp\/v2\/posts\/164903","targetHints":{"allow":["GET"]}}],"collection":[{"href":"https:\/\/www.caririemacao.com\/1\/wp-json\/wp\/v2\/posts"}],"about":[{"href":"https:\/\/www.caririemacao.com\/1\/wp-json\/wp\/v2\/types\/post"}],"author":[{"embeddable":true,"href":"https:\/\/www.caririemacao.com\/1\/wp-json\/wp\/v2\/users\/1"}],"replies":[{"embeddable":true,"href":"https:\/\/www.caririemacao.com\/1\/wp-json\/wp\/v2\/comments?post=164903"}],"version-history":[{"count":1,"href":"https:\/\/www.caririemacao.com\/1\/wp-json\/wp\/v2\/posts\/164903\/revisions"}],"predecessor-version":[{"id":164905,"href":"https:\/\/www.caririemacao.com\/1\/wp-json\/wp\/v2\/posts\/164903\/revisions\/164905"}],"wp:featuredmedia":[{"embeddable":true,"href":"https:\/\/www.caririemacao.com\/1\/wp-json\/wp\/v2\/media\/164904"}],"wp:attachment":[{"href":"https:\/\/www.caririemacao.com\/1\/wp-json\/wp\/v2\/media?parent=164903"}],"wp:term":[{"taxonomy":"category","embeddable":true,"href":"https:\/\/www.caririemacao.com\/1\/wp-json\/wp\/v2\/categories?post=164903"},{"taxonomy":"post_tag","embeddable":true,"href":"https:\/\/www.caririemacao.com\/1\/wp-json\/wp\/v2\/tags?post=164903"}],"curies":[{"name":"wp","href":"https:\/\/api.w.org\/{rel}","templated":true}]}}