{"id":164906,"date":"2020-04-20T10:08:08","date_gmt":"2020-04-20T13:08:08","guid":{"rendered":"http:\/\/www.caririemacao.com\/1\/?p=164906"},"modified":"2020-04-20T10:08:09","modified_gmt":"2020-04-20T13:08:09","slug":"empresario-cicero-roberto-reafirma-pre-candidatura-a-vereador-em-entrevista-ao-programa-cariri-em-acao","status":"publish","type":"post","link":"https:\/\/www.caririemacao.com\/1\/2020\/04\/20\/empresario-cicero-roberto-reafirma-pre-candidatura-a-vereador-em-entrevista-ao-programa-cariri-em-acao\/","title":{"rendered":"Empres\u00e1rio C\u00edcero Roberto reafirma pr\u00e9-candidatura a vereador, em entrevista ao Programa Cariri em A\u00e7\u00e3o"},"content":{"rendered":"\n<p>O diretor do CEC EDUCACIONAL professor C\u00edcero Roberto concedeu uma ampla entrevista na manh\u00e3 deste s\u00e1bado,18, no programa CARIRI EM A\u00c7\u00c3O transmitido pelas r\u00e1dios CIDADE FM\u00a0de Sum\u00e9 e Ouro Velho FM, al\u00e9m das redes sociais.<br>No programa comandado pelo radialista Marivaldo Alc\u00e2ntara, C\u00edcero Roberto tra\u00e7ou um hist\u00f3rico e relembrou momentos marcantes de sua trajet\u00f3ria de vida, e de carreira pol\u00edtica, administrativa, profissional e empresarial.<\/p>\n\n\n\n<p><br>C\u00edcero Roberto reafirmou a pretens\u00e3o de disputar uma das 13 vagas na C\u00e2mara Municipal de Monteiro no pr\u00f3ximo pleito.<br>O professor inclusive colocou seu nome \u00e0 disposi\u00e7\u00e3o daqueles que possam lhe dar uma oportunidade de alcan\u00e7ar este objetivo nas urnas, quando for confirmada a data das pr\u00f3ximas elei\u00e7\u00f5es.<\/p>\n\n\n\n<p><br>\u201cCostumo dizer que Deus escreve certo, e por linhas certas. Os representantes de um povo, s\u00e3o o reflexo de quem este povo \u00e9. Se for da vontade de Deus e do povo, estou pronto para voltar ao legislativo monteirense, agora mais maduro, mais experiente pronto para abra\u00e7ar bandeiras como os direitos do cidad\u00e3o, a gera\u00e7\u00e3o de emprego e renda e o investimento nos jovens e adolescentes, atrav\u00e9s de \u00e1reas como o esporte e a educa\u00e7\u00e3o\u201d, resumiu o professor e empres\u00e1rio C\u00edcero Roberto.<br><\/p>\n\n\n\n<p>Com F\u00e1bio Brito<\/p>\n","protected":false},"excerpt":{"rendered":"<p>O diretor do CEC EDUCACIONAL professor C\u00edcero Roberto concedeu uma ampla entrevista na manh\u00e3 deste s\u00e1bado,18, no programa CARIRI EM A\u00c7\u00c3O transmitido pelas r\u00e1dios CIDADE&hellip; <\/p>\n","protected":false},"author":1,"featured_media":164929,"comment_status":"closed","ping_status":"closed","sticky":false,"template":"","format":"standard","meta":{"sfsi_plus_gutenberg_text_before_share":"","sfsi_plus_gutenberg_show_text_before_share":"","sfsi_plus_gutenberg_icon_type":"","sfsi_plus_gutenberg_icon_alignemt":"","sfsi_plus_gutenburg_max_per_row":"","footnotes":""},"categories":[50],"tags":[],"class_list":["post-164906","post","type-post","status-publish","format-standard","has-post-thumbnail","hentry","category-destaque"],"_links":{"self":[{"href":"https:\/\/www.caririemacao.com\/1\/wp-json\/wp\/v2\/posts\/164906","targetHints":{"allow":["GET"]}}],"collection":[{"href":"https:\/\/www.caririemacao.com\/1\/wp-json\/wp\/v2\/posts"}],"about":[{"href":"https:\/\/www.caririemacao.com\/1\/wp-json\/wp\/v2\/types\/post"}],"author":[{"embeddable":true,"href":"https:\/\/www.caririemacao.com\/1\/wp-json\/wp\/v2\/users\/1"}],"replies":[{"embeddable":true,"href":"https:\/\/www.caririemacao.com\/1\/wp-json\/wp\/v2\/comments?post=164906"}],"version-history":[{"count":1,"href":"https:\/\/www.caririemacao.com\/1\/wp-json\/wp\/v2\/posts\/164906\/revisions"}],"predecessor-version":[{"id":164930,"href":"https:\/\/www.caririemacao.com\/1\/wp-json\/wp\/v2\/posts\/164906\/revisions\/164930"}],"wp:featuredmedia":[{"embeddable":true,"href":"https:\/\/www.caririemacao.com\/1\/wp-json\/wp\/v2\/media\/164929"}],"wp:attachment":[{"href":"https:\/\/www.caririemacao.com\/1\/wp-json\/wp\/v2\/media?parent=164906"}],"wp:term":[{"taxonomy":"category","embeddable":true,"href":"https:\/\/www.caririemacao.com\/1\/wp-json\/wp\/v2\/categories?post=164906"},{"taxonomy":"post_tag","embeddable":true,"href":"https:\/\/www.caririemacao.com\/1\/wp-json\/wp\/v2\/tags?post=164906"}],"curies":[{"name":"wp","href":"https:\/\/api.w.org\/{rel}","templated":true}]}}