{"id":164912,"date":"2020-04-20T10:00:20","date_gmt":"2020-04-20T13:00:20","guid":{"rendered":"http:\/\/www.caririemacao.com\/1\/?p=164912"},"modified":"2020-04-20T10:00:23","modified_gmt":"2020-04-20T13:00:23","slug":"raio-derruba-estatua-de-15-metros-do-padroeiro-do-ceara","status":"publish","type":"post","link":"https:\/\/www.caririemacao.com\/1\/2020\/04\/20\/raio-derruba-estatua-de-15-metros-do-padroeiro-do-ceara\/","title":{"rendered":"Raio derruba est\u00e1tua de 15 metros do padroeiro do Cear\u00e1"},"content":{"rendered":"\n<p>A est\u00e1tua de S\u00e3o Jos\u00e9 em Maracana\u00fa, na Grande Fortaleza, foi destru\u00edda na manh\u00e3 deste s\u00e1bado (18) em decorr\u00eancia de um raio, segundo a prefeitura do munic\u00edpio. O santo \u00e9 padroeiro do Cear\u00e1 e tamb\u00e9m do munic\u00edpio.<\/p>\n\n\n\n<p>Com 15 metros de altura, a est\u00e1tua ficava em frente \u00e0 Igreja Matriz, na Pra\u00e7a da Esta\u00e7\u00e3o, e havia sido reformada pela \u00faltima vez em 2019, de acordo com a prefeitura.<\/p>\n\n\n\n<p>V\u00eddeos gravados por moradores mostram que a estrutura se partiu e apenas a base de sustenta\u00e7\u00e3o e a parte traseira da est\u00e1tua se mantiveram de p\u00e9.<\/p>\n\n\n\n<p>A administra\u00e7\u00e3o municipal informou que em breve pretende dar in\u00edcio ao processo de reconstru\u00e7\u00e3o da imagem.<\/p>\n\n\n\n<p>Cidades da Grande Fortaleza tiveram a segunda noite seguida de forte chuva acompanhada de raios e trov\u00f5es. Conforme a Funda\u00e7\u00e3o Cearense de Meteorologia e Recursos H\u00eddricos (Funceme), o Cear\u00e1 teve chuva de at\u00e9 120 mil\u00edmetros neste s\u00e1bado.<\/p>\n\n\n\n<p>A previs\u00e3o \u00e9 de mais chuva na Grande Fortaleza durante o domingo, conforme o \u00f3rg\u00e3o.<\/p>\n","protected":false},"excerpt":{"rendered":"<p>A est\u00e1tua de S\u00e3o Jos\u00e9 em Maracana\u00fa, na Grande Fortaleza, foi destru\u00edda na manh\u00e3 deste s\u00e1bado (18) em decorr\u00eancia de um raio, segundo a prefeitura&hellip; <\/p>\n","protected":false},"author":2,"featured_media":164913,"comment_status":"closed","ping_status":"closed","sticky":false,"template":"","format":"standard","meta":{"sfsi_plus_gutenberg_text_before_share":"","sfsi_plus_gutenberg_show_text_before_share":"","sfsi_plus_gutenberg_icon_type":"","sfsi_plus_gutenberg_icon_alignemt":"","sfsi_plus_gutenburg_max_per_row":"","footnotes":""},"categories":[2],"tags":[],"class_list":["post-164912","post","type-post","status-publish","format-standard","has-post-thumbnail","hentry","category-geral"],"_links":{"self":[{"href":"https:\/\/www.caririemacao.com\/1\/wp-json\/wp\/v2\/posts\/164912","targetHints":{"allow":["GET"]}}],"collection":[{"href":"https:\/\/www.caririemacao.com\/1\/wp-json\/wp\/v2\/posts"}],"about":[{"href":"https:\/\/www.caririemacao.com\/1\/wp-json\/wp\/v2\/types\/post"}],"author":[{"embeddable":true,"href":"https:\/\/www.caririemacao.com\/1\/wp-json\/wp\/v2\/users\/2"}],"replies":[{"embeddable":true,"href":"https:\/\/www.caririemacao.com\/1\/wp-json\/wp\/v2\/comments?post=164912"}],"version-history":[{"count":1,"href":"https:\/\/www.caririemacao.com\/1\/wp-json\/wp\/v2\/posts\/164912\/revisions"}],"predecessor-version":[{"id":164914,"href":"https:\/\/www.caririemacao.com\/1\/wp-json\/wp\/v2\/posts\/164912\/revisions\/164914"}],"wp:featuredmedia":[{"embeddable":true,"href":"https:\/\/www.caririemacao.com\/1\/wp-json\/wp\/v2\/media\/164913"}],"wp:attachment":[{"href":"https:\/\/www.caririemacao.com\/1\/wp-json\/wp\/v2\/media?parent=164912"}],"wp:term":[{"taxonomy":"category","embeddable":true,"href":"https:\/\/www.caririemacao.com\/1\/wp-json\/wp\/v2\/categories?post=164912"},{"taxonomy":"post_tag","embeddable":true,"href":"https:\/\/www.caririemacao.com\/1\/wp-json\/wp\/v2\/tags?post=164912"}],"curies":[{"name":"wp","href":"https:\/\/api.w.org\/{rel}","templated":true}]}}