{"id":164915,"date":"2020-04-20T10:01:43","date_gmt":"2020-04-20T13:01:43","guid":{"rendered":"http:\/\/www.caririemacao.com\/1\/?p=164915"},"modified":"2020-04-20T10:01:45","modified_gmt":"2020-04-20T13:01:45","slug":"apos-tres-anos-da-transposicao-acude-de-boqueirao-pode-sangrar-em-2020","status":"publish","type":"post","link":"https:\/\/www.caririemacao.com\/1\/2020\/04\/20\/apos-tres-anos-da-transposicao-acude-de-boqueirao-pode-sangrar-em-2020\/","title":{"rendered":"Ap\u00f3s tr\u00eas anos da transposi\u00e7\u00e3o, a\u00e7ude de Boqueir\u00e3o pode sangrar em 2020"},"content":{"rendered":"\n<p>No dia 18 de abril de 2017 as \u00e1guas da transposi\u00e7\u00e3o do Rio S\u00e3o Francisco se encontraram com o espelho d\u2019\u00e1gua do a\u00e7ude Epit\u00e1cio Pessoa, em Boqueir\u00e3o, munic\u00edpio do Cariri paraibano. Passados tr\u00eas anos, o bombeamento das \u00e1guas do Velho Chico est\u00e1 suspenso e o manancial passa dos 60% do volume por causa das fortes chuvas que ca\u00edram na regi\u00e3o do Cariri da Para\u00edba e podem fazer com que o reservat\u00f3rio sangre.<\/p>\n\n\n\n<p>Mesmo sem datas definidas, se o \u00edndice de chuvas do estado continuar semelhante ao primeiro trimestre deste ano, entre os meses de maio e abril, existe a possibilidade de que o a\u00e7ude de Boqueir\u00e3o sangre ainda em 2020, segundo o presidente da Ag\u00eancia Executiva de Gest\u00e3o das \u00c1guas (Aesa), Porf\u00edrio Loureiro. \u201cVai depender da intensidade das chuvas\u201d, explicou.<\/p>\n\n\n\n<p>O manancial sangrou pela \u00faltima vez em 2011 e j\u00e1 registrou, pelo menos, 18 sangrias. Elas foram notificadas nos anos de 1967, 1968, 1973, 1974, 1975, 1976, 1978, 198, 1984, 1985, 1986, 1989, 1999, 2004, 2005, 2006, 2008, 2009 e 2011.<\/p>\n\n\n\n<p>Ainda segundo dados do \u00f3rg\u00e3o, o esquema de bombeamento no reservat\u00f3rio foi suspenso em fevereiro de 2019 e retomado em mar\u00e7o deste ano. Mas precisou ser interrompido novamente desde o \u00faltimo dia 6 de abril, por causa de problemas causados pelas chuvas na estrutura do rio Moxot\u00f3, que banha os estados de Alagoas e Pernambuco. A previs\u00e3o \u00e9 que o servi\u00e7o seja retomado no pr\u00f3ximo dia 8 de maio.<\/p>\n\n\n\n<p>Para o minist\u00e9rio do Desenvolvimento do Desenvolvimento Regional (MDR), ele foi suspenso no a\u00e7ude de boqueir\u00e3o em fevereiro de 2019 e retomado ap\u00f3s um ano, em fevereiro de 2019.<\/p>\n\n\n\n<p>Quando bombeamento foi suspenso em fevereiro do ano passado, o reservat\u00f3rio tinha 20,18% (94.159.227m\u00b3) da capacidade total. Em nove de janeiro deste ano chegou a 14%, quando come\u00e7ou a ser reabastecido pelas chuvas do primeiro trimestre de 2020.<\/p>\n\n\n\n<p>Do dia nove de janeiro at\u00e9 este s\u00e1bado (18), o volume do manancial mais que quadruplicou e atingiu a marca de 63,43% (295.937.282m\u00b3) da capacidade. Os 49,43% a mais foram abastecidos por meio de chuvas.<\/p>\n\n\n\n<p>Segundo trimestre de 2020 tem previs\u00e3o de chuvas acima da m\u00e9dia na PB, diz Aesa<br>A previs\u00e3o do setor de meteorologia da Aesa para o primeiro trimestre deste ano foi de chuvas dentro da m\u00e9dia hist\u00f3rica no semi\u00e1rido paraibano, que contempla as regi\u00f5es do Alto Sert\u00e3o, Sert\u00e3o e Cariri\/Curimata\u00fa.<\/p>\n\n\n\n<p>Conforme a meteorologista Marle Bandeira, a previs\u00e3o \u00e9 de que at\u00e9 julho a incid\u00eancia de chuvas esteja dentro ou acima da m\u00e9dia hist\u00f3rica nas regi\u00f5es do Agreste e Litoral paraibanos.<\/p>\n\n\n\n<p>Para\u00edba tem 14 a\u00e7udes sangrando e 15 em situa\u00e7\u00e3o cr\u00edtica, diz Aesa<br>Pelo menos 14 a\u00e7udes da Para\u00edba est\u00e3o sangrando neste s\u00e1bado (18), conforme dados divulgados no site da Aesa. Entre os a\u00e7udes que est\u00e3o com mais de 100% da capacidade est\u00e3o Pocinhos e S\u00e3o Jos\u00e9 II, localizados no munic\u00edpio de Monteiro.<\/p>\n\n\n\n<p>Dos 134 a\u00e7udes monitorados pela institui\u00e7\u00e3o, 80 est\u00e3o com capacidade superior a 20% do volume total. J\u00e1 25 ainda est\u00e3o em observa\u00e7\u00e3o, com menos de 20% do volume e 15 est\u00e3o em situa\u00e7\u00e3o cr\u00edtica, com menos de 5% do volume.<\/p>\n\n\n\n<p>Entre os a\u00e7udes em situa\u00e7\u00e3o cr\u00edtica est\u00e3o os reservat\u00f3rios Mamanguape e Minh\u00e3, localizados nos munic\u00edpios de S\u00e3o Sebasti\u00e3o de Lagoa de Ro\u00e7a e Puxinan\u00e3, no Agreste do estado. Ambos est\u00e3o secos.<\/p>\n\n\n\n<p>\u00c1guas da transposi\u00e7\u00e3o do S\u00e3o Francisco chegaram \u00e0 Para\u00edba em mar\u00e7o de 2017<br>Era noite do dia 8 de mar\u00e7o de 2017, uma quarta-feira, quando, por volta das 18h20, as \u00e1guas do Projeto de Integra\u00e7\u00e3o do Rio S\u00e3o Francisco (PISF) ultrapassaram a divisa do vizinho estado de Pernambuco e chegavam \u00e0 Para\u00edba, na cidade de Monteiro, localizada no Cariri do estado.<\/p>\n\n\n\n<p>Dez dias depois, as \u00e1guas do Velho Chico chegaram ao a\u00e7ude de Boqueir\u00e3o, como o reservat\u00f3rio \u00e9 popularmente conhecido. O manancial possu\u00eda apenas 2,9% da capacidade total. De acordo com a Ag\u00eancia Executiva de Gest\u00e3o das \u00c1guas (Aesa), o volume foi o pior registrado desde o fim da d\u00e9cada de 1950.<\/p>\n\n\n\n<p>O projeto, que contempla 35 cidades da Para\u00edba e de Pernambuco, representou a garantia da seguran\u00e7a h\u00eddrica para aproximadamente um milh\u00e3o de pessoas que se beneficiaram dele, conforme dados t\u00e9cnicos do Minist\u00e9rio do Desenvolvimento Regional (MDR).<\/p>\n\n\n\n<p>Na Para\u00edba, o Epit\u00e1cio Pessoa, que \u00e9 segundo maior do estado, \u00e9 respons\u00e1vel pelo abastecimento de Campina Grande e outras 18 cidades paraibanas. Os 19 munic\u00edpios enfrentavam um racionamento no abastecimento de \u00e1gua, que s\u00f3 foi suspenso na noite do dia 25 de agosto de 2017, quando o reservat\u00f3rio atingiu a marca de 8,2% do volume total.<\/p>\n\n\n\n<p>Caminho do S\u00e3o Francisco na Para\u00edba<br>A \u00e1gua da transposi\u00e7\u00e3o do Rio S\u00e3o Francisco chega \u00e0 cidade de Monteiro, na Para\u00edba, atrav\u00e9s do eixo leste. Neste trecho, a \u00e1gua \u00e9 captada na cidade de Petrol\u00e2ndia, no Sert\u00e3o de Pernambuco e viaja por 208 quil\u00f4metros at\u00e9 chegar a cidade paraibana.<\/p>\n\n\n\n<p>Depois de chegar a Monteiro, as \u00e1guas da transposi\u00e7\u00e3o v\u00e3o para o Rio Para\u00edba e atrav\u00e9s dele segue pelos a\u00e7udes de S\u00e3o Jos\u00e9 I e Po\u00e7\u00f5es, ainda na cidade de Monteiro; pelo a\u00e7ude de Camala\u00fa; pelo a\u00e7ude de Boqueir\u00e3o; pelo a\u00e7ude de Acau\u00e3, em Itatuba; pelo a\u00e7ude de Ara\u00e7agi e depois segue para um per\u00edmetro irrigado no munic\u00edpio de Sap\u00e9.<\/p>\n\n\n\n<p>Conforme o MDR, o eixo Leste foi projetado para levar \u00e1gua para cerca de 4,5 milh\u00f5es de pessoas em 168 munic\u00edpios que sofrem com a seca prolongada em Pernambuco e na Para\u00edba.<\/p>\n","protected":false},"excerpt":{"rendered":"<p>No dia 18 de abril de 2017 as \u00e1guas da transposi\u00e7\u00e3o do Rio S\u00e3o Francisco se encontraram com o espelho d\u2019\u00e1gua do a\u00e7ude Epit\u00e1cio Pessoa,&hellip; <\/p>\n","protected":false},"author":2,"featured_media":164916,"comment_status":"closed","ping_status":"closed","sticky":false,"template":"","format":"standard","meta":{"sfsi_plus_gutenberg_text_before_share":"","sfsi_plus_gutenberg_show_text_before_share":"","sfsi_plus_gutenberg_icon_type":"","sfsi_plus_gutenberg_icon_alignemt":"","sfsi_plus_gutenburg_max_per_row":"","footnotes":""},"categories":[2],"tags":[],"class_list":["post-164915","post","type-post","status-publish","format-standard","has-post-thumbnail","hentry","category-geral"],"_links":{"self":[{"href":"https:\/\/www.caririemacao.com\/1\/wp-json\/wp\/v2\/posts\/164915","targetHints":{"allow":["GET"]}}],"collection":[{"href":"https:\/\/www.caririemacao.com\/1\/wp-json\/wp\/v2\/posts"}],"about":[{"href":"https:\/\/www.caririemacao.com\/1\/wp-json\/wp\/v2\/types\/post"}],"author":[{"embeddable":true,"href":"https:\/\/www.caririemacao.com\/1\/wp-json\/wp\/v2\/users\/2"}],"replies":[{"embeddable":true,"href":"https:\/\/www.caririemacao.com\/1\/wp-json\/wp\/v2\/comments?post=164915"}],"version-history":[{"count":1,"href":"https:\/\/www.caririemacao.com\/1\/wp-json\/wp\/v2\/posts\/164915\/revisions"}],"predecessor-version":[{"id":164917,"href":"https:\/\/www.caririemacao.com\/1\/wp-json\/wp\/v2\/posts\/164915\/revisions\/164917"}],"wp:featuredmedia":[{"embeddable":true,"href":"https:\/\/www.caririemacao.com\/1\/wp-json\/wp\/v2\/media\/164916"}],"wp:attachment":[{"href":"https:\/\/www.caririemacao.com\/1\/wp-json\/wp\/v2\/media?parent=164915"}],"wp:term":[{"taxonomy":"category","embeddable":true,"href":"https:\/\/www.caririemacao.com\/1\/wp-json\/wp\/v2\/categories?post=164915"},{"taxonomy":"post_tag","embeddable":true,"href":"https:\/\/www.caririemacao.com\/1\/wp-json\/wp\/v2\/tags?post=164915"}],"curies":[{"name":"wp","href":"https:\/\/api.w.org\/{rel}","templated":true}]}}