{"id":164925,"date":"2020-04-20T10:07:34","date_gmt":"2020-04-20T13:07:34","guid":{"rendered":"http:\/\/www.caririemacao.com\/1\/?p=164925"},"modified":"2020-04-20T10:07:36","modified_gmt":"2020-04-20T13:07:36","slug":"homem-empina-moto-e-colide-frontalmente-com-ambulancia","status":"publish","type":"post","link":"https:\/\/www.caririemacao.com\/1\/2020\/04\/20\/homem-empina-moto-e-colide-frontalmente-com-ambulancia\/","title":{"rendered":"Homem empina moto e colide frontalmente com ambul\u00e2ncia"},"content":{"rendered":"\n<p>Um motociclista colidiu frontalmente com uma ambul\u00e2ncia pertencente ao Munic\u00edpio de Barra de S\u00e3o Miguel, no in\u00edcio da tarde de sexta-feira (17). O acidente aconteceu na frente do Hospital Regional de Boqueir\u00e3o.<\/p>\n\n\n\n<p>O homem foi atendido pelo m\u00e9dico de plant\u00e3o e encaminhado para o Hospital de Trauma de Campina Grande, na viatura do Servi\u00e7o de Atendimento M\u00f3vel de Urg\u00eancia (SAMU). Populares informaram que o condutor da moto estava empinando e perdeu o controle.<\/p>\n\n\n\n<p>Bruno Lira<\/p>\n","protected":false},"excerpt":{"rendered":"<p>Um motociclista colidiu frontalmente com uma ambul\u00e2ncia pertencente ao Munic\u00edpio de Barra de S\u00e3o Miguel, no in\u00edcio da tarde de sexta-feira (17). O acidente aconteceu&hellip; <\/p>\n","protected":false},"author":2,"featured_media":164926,"comment_status":"closed","ping_status":"closed","sticky":false,"template":"","format":"standard","meta":{"sfsi_plus_gutenberg_text_before_share":"","sfsi_plus_gutenberg_show_text_before_share":"","sfsi_plus_gutenberg_icon_type":"","sfsi_plus_gutenberg_icon_alignemt":"","sfsi_plus_gutenburg_max_per_row":"","footnotes":""},"categories":[2],"tags":[],"class_list":["post-164925","post","type-post","status-publish","format-standard","has-post-thumbnail","hentry","category-geral"],"_links":{"self":[{"href":"https:\/\/www.caririemacao.com\/1\/wp-json\/wp\/v2\/posts\/164925","targetHints":{"allow":["GET"]}}],"collection":[{"href":"https:\/\/www.caririemacao.com\/1\/wp-json\/wp\/v2\/posts"}],"about":[{"href":"https:\/\/www.caririemacao.com\/1\/wp-json\/wp\/v2\/types\/post"}],"author":[{"embeddable":true,"href":"https:\/\/www.caririemacao.com\/1\/wp-json\/wp\/v2\/users\/2"}],"replies":[{"embeddable":true,"href":"https:\/\/www.caririemacao.com\/1\/wp-json\/wp\/v2\/comments?post=164925"}],"version-history":[{"count":1,"href":"https:\/\/www.caririemacao.com\/1\/wp-json\/wp\/v2\/posts\/164925\/revisions"}],"predecessor-version":[{"id":164927,"href":"https:\/\/www.caririemacao.com\/1\/wp-json\/wp\/v2\/posts\/164925\/revisions\/164927"}],"wp:featuredmedia":[{"embeddable":true,"href":"https:\/\/www.caririemacao.com\/1\/wp-json\/wp\/v2\/media\/164926"}],"wp:attachment":[{"href":"https:\/\/www.caririemacao.com\/1\/wp-json\/wp\/v2\/media?parent=164925"}],"wp:term":[{"taxonomy":"category","embeddable":true,"href":"https:\/\/www.caririemacao.com\/1\/wp-json\/wp\/v2\/categories?post=164925"},{"taxonomy":"post_tag","embeddable":true,"href":"https:\/\/www.caririemacao.com\/1\/wp-json\/wp\/v2\/tags?post=164925"}],"curies":[{"name":"wp","href":"https:\/\/api.w.org\/{rel}","templated":true}]}}