{"id":164928,"date":"2020-04-20T10:08:58","date_gmt":"2020-04-20T13:08:58","guid":{"rendered":"http:\/\/www.caririemacao.com\/1\/?p=164928"},"modified":"2020-04-20T10:08:59","modified_gmt":"2020-04-20T13:08:59","slug":"guia-de-experiencias-em-educacao-em-solos-destaca-projeto-da-ufcg-cdsa","status":"publish","type":"post","link":"https:\/\/www.caririemacao.com\/1\/2020\/04\/20\/guia-de-experiencias-em-educacao-em-solos-destaca-projeto-da-ufcg-cdsa\/","title":{"rendered":"Guia de experi\u00eancias em Educa\u00e7\u00e3o em Solos destaca projeto da UFCG\/CDSA"},"content":{"rendered":"\n<p>Como parte das comemora\u00e7\u00f5es ao Dia Nacional da Conserva\u00e7\u00e3o do Solo, a Sociedade Brasileira de Ci\u00eancia do Solo lan\u00e7ou na \u00faltima quarta-feira, 15 de abril, o livro \u201cIniciativas de Educa\u00e7\u00e3o em Solos no Brasil\u201d, que re\u00fane informa\u00e7\u00f5es de v\u00e1rios projetos que divulgam a import\u00e2ncia do solo para a sociedade e as a\u00e7\u00f5es de populariza\u00e7\u00e3o do solo em todo o Pa\u00eds.<\/p>\n\n\n\n<p>Dentre as a\u00e7\u00f5es destacadas pela obra, est\u00e1 a a\u00e7\u00e3o de extens\u00e3o Projeto Solo na Escola\/UFCG, vinculado ao Programa de A\u00e7\u00f5es Sustent\u00e1veis para o Cariri (PASCAR), alocados no Centro de Desenvolvimento Sustent\u00e1vel do Semi\u00e1rido desde 2011.<\/p>\n\n\n\n<p>O Projeto Solo na Escola\/UFCG teve in\u00edcio a partir de visitas \u00e0s escolas e comunidades rurais e de pesquisas sobre a abordagem do tema solos nos conte\u00fados curriculares. Desde 2012 os integrantes do projeto recepcionam no Espa\u00e7o de Educa\u00e7\u00e3o em Solos da UFCG, campus de Sum\u00e9, estudantes, professores e agricultores interessados em conhecer as diversas a\u00e7\u00f5es que visam a valoriza\u00e7\u00e3o e a populariza\u00e7\u00e3o do solo: trilha pedol\u00f3gica, oficinas de tintas de solos (Geotinta), de compostagem e minhocultura, concursos de fotografia e cordel, visita ao perfil did\u00e1tico, apresenta\u00e7\u00e3o do Teatrinho do Solo e do Geocine, programa de r\u00e1dio (Matutando Solos e Agroecologia) e viv\u00eancias com agricultores. Desde seu in\u00edcio, o projeto j\u00e1 deu origem a diversos trabalhos de conclus\u00e3o de curso, projetos de pesquisa e extens\u00e3o, palestras, cursos e eventos.<\/p>\n\n\n\n<p>De acordo com a professora Adriana Meira Vital, coordenadora do Projeto Solo na Escola\/UFCG, abra\u00e7ando os princ\u00edpios da Educa\u00e7\u00e3o em Solos objetiva popularizar o solo, construindo o ensino do solo como uma forma de sensibiliza\u00e7\u00e3o das pessoas para a valoriza\u00e7\u00e3o desse recurso natural din\u00e2mico e precioso, essencial \u00e0 manuten\u00e7\u00e3o da vida sobre a Terra. Popularizar o solo e socializar informa\u00e7\u00f5es sobre a import\u00e2ncia desse valioso recurso ambiental \u00e9 a\u00e7\u00e3o imprescind\u00edvel para a preserva\u00e7\u00e3o do meio ambiente e para a promo\u00e7\u00e3o da sustentabilidade e qualidade de vida.<\/p>\n\n\n\n<p>Conhe\u00e7a as a\u00e7\u00f5es do Projeto Solo na Escola\/UFCG nas redes sociais<\/p>\n","protected":false},"excerpt":{"rendered":"<p>Como parte das comemora\u00e7\u00f5es ao Dia Nacional da Conserva\u00e7\u00e3o do Solo, a Sociedade Brasileira de Ci\u00eancia do Solo lan\u00e7ou na \u00faltima quarta-feira, 15 de abril,&hellip; <\/p>\n","protected":false},"author":2,"featured_media":164931,"comment_status":"closed","ping_status":"closed","sticky":false,"template":"","format":"standard","meta":{"sfsi_plus_gutenberg_text_before_share":"","sfsi_plus_gutenberg_show_text_before_share":"","sfsi_plus_gutenberg_icon_type":"","sfsi_plus_gutenberg_icon_alignemt":"","sfsi_plus_gutenburg_max_per_row":"","footnotes":""},"categories":[50,2],"tags":[],"class_list":["post-164928","post","type-post","status-publish","format-standard","has-post-thumbnail","hentry","category-destaque","category-geral"],"_links":{"self":[{"href":"https:\/\/www.caririemacao.com\/1\/wp-json\/wp\/v2\/posts\/164928","targetHints":{"allow":["GET"]}}],"collection":[{"href":"https:\/\/www.caririemacao.com\/1\/wp-json\/wp\/v2\/posts"}],"about":[{"href":"https:\/\/www.caririemacao.com\/1\/wp-json\/wp\/v2\/types\/post"}],"author":[{"embeddable":true,"href":"https:\/\/www.caririemacao.com\/1\/wp-json\/wp\/v2\/users\/2"}],"replies":[{"embeddable":true,"href":"https:\/\/www.caririemacao.com\/1\/wp-json\/wp\/v2\/comments?post=164928"}],"version-history":[{"count":1,"href":"https:\/\/www.caririemacao.com\/1\/wp-json\/wp\/v2\/posts\/164928\/revisions"}],"predecessor-version":[{"id":164932,"href":"https:\/\/www.caririemacao.com\/1\/wp-json\/wp\/v2\/posts\/164928\/revisions\/164932"}],"wp:featuredmedia":[{"embeddable":true,"href":"https:\/\/www.caririemacao.com\/1\/wp-json\/wp\/v2\/media\/164931"}],"wp:attachment":[{"href":"https:\/\/www.caririemacao.com\/1\/wp-json\/wp\/v2\/media?parent=164928"}],"wp:term":[{"taxonomy":"category","embeddable":true,"href":"https:\/\/www.caririemacao.com\/1\/wp-json\/wp\/v2\/categories?post=164928"},{"taxonomy":"post_tag","embeddable":true,"href":"https:\/\/www.caririemacao.com\/1\/wp-json\/wp\/v2\/tags?post=164928"}],"curies":[{"name":"wp","href":"https:\/\/api.w.org\/{rel}","templated":true}]}}