{"id":164940,"date":"2020-04-20T10:23:49","date_gmt":"2020-04-20T13:23:49","guid":{"rendered":"http:\/\/www.caririemacao.com\/1\/?p=164940"},"modified":"2020-04-20T10:23:51","modified_gmt":"2020-04-20T13:23:51","slug":"agentes-de-combate-a-endemias-reforcam-medidas-de-higienizacao-desinfeccao-e-prevencao-ao-covid19","status":"publish","type":"post","link":"https:\/\/www.caririemacao.com\/1\/2020\/04\/20\/agentes-de-combate-a-endemias-reforcam-medidas-de-higienizacao-desinfeccao-e-prevencao-ao-covid19\/","title":{"rendered":"Agentes de Combate a Endemias refor\u00e7am medidas de higieniza\u00e7\u00e3o, desinfec\u00e7\u00e3o e preven\u00e7\u00e3o ao Covid19"},"content":{"rendered":"\n<p>Mais uma a\u00e7\u00e3o de combate \u00e0 Covid-19 foi realizada na tarde desta sexta-feira (17) pelos Agentes de Endemias da Secretaria Municipal de Sa\u00fade de Amparo.\u00a0<\/p>\n\n\n\n<figure class=\"wp-block-image size-large\"><img fetchpriority=\"high\" decoding=\"async\" width=\"640\" height=\"424\" src=\"http:\/\/www.caririemacao.com\/1\/wp-content\/uploads\/2020\/04\/LIMPEZA-DAS-CAL\u00c7ADAS-15.jpg\" alt=\"\" class=\"wp-image-164942\" srcset=\"https:\/\/www.caririemacao.com\/1\/wp-content\/uploads\/2020\/04\/LIMPEZA-DAS-CAL\u00c7ADAS-15.jpg 640w, https:\/\/www.caririemacao.com\/1\/wp-content\/uploads\/2020\/04\/LIMPEZA-DAS-CAL\u00c7ADAS-15-300x199.jpg 300w\" sizes=\"(max-width: 640px) 100vw, 640px\" \/><\/figure>\n\n\n\n<p>Os Agentes estiveram higienizando os pontos de com\u00e9rcio, unidade b\u00e1sica de sa\u00fade, lot\u00e9rica que s\u00e3o os pontos de maior aglomera\u00e7\u00e3o de pessoas na sede do munic\u00edpio.<a href=\"https:\/\/1.bp.blogspot.com\/-FkQUapRmvwo\/Xpsro5p7QMI\/AAAAAAABL4c\/AK_B8264-zkGc0oBJYZYRWXr_qjWtCKyACLcBGAsYHQ\/s1600\/LIMPEZA%2BDAS%2BCAL%25C3%2587ADAS%2B%252815%2529.JPG\"><\/a><em>\u201cCom estas a\u00e7\u00f5es pontuais n\u00f3s esperamos minimizar os riscos que acometem a nossa popula\u00e7\u00e3o. Esperamos tamb\u00e9m que esta fa\u00e7a a sua parte\u201d<\/em>\u00a0pontuou a secret\u00e1ria Ver\u00f4nica Rafael.<\/p>\n\n\n\n<p><br><em>\u201cQuero agradecer a colabora\u00e7\u00e3o dos Agentes de Endemias Z\u00e9 Nogueira e Janiel que n\u00e3o se negaram em momento algum a realizar o servi\u00e7o e agradecer tamb\u00e9m ao amigo Z\u00e9 Aldo, conhecido como Cess\u00e9, Assistente de Sa\u00fade que tamb\u00e9m colaborou conosco\u201d<\/em>\u00a0finalizou.<\/p>\n\n\n\n<p>Com Amparo Ligado<br><a href=\"https:\/\/1.bp.blogspot.com\/-30Up87idPZc\/XpssLqxlPkI\/AAAAAAABL4s\/3Y5a7AtDYsYd1YvIX76A4IAQjTOm3dPywCLcBGAsYHQ\/s1600\/LIMPEZA%2BDAS%2BCAL%25C3%2587ADAS%2B%25282%2529.JPG\"><\/a><br><a href=\"https:\/\/1.bp.blogspot.com\/-oDvb-dxu0ig\/XpsspQNSVsI\/AAAAAAABL50\/Y1QidVVEnVYoZdGMwGB3WIDCp23-tJd3QCLcBGAsYHQ\/s1600\/LIMPEZA%2BDAS%2BCAL%25C3%2587ADAS%2B%25286%2529.JPG\"><\/a><\/p>\n","protected":false},"excerpt":{"rendered":"<p>Mais uma a\u00e7\u00e3o de combate \u00e0 Covid-19 foi realizada na tarde desta sexta-feira (17) pelos Agentes de Endemias da Secretaria Municipal de Sa\u00fade de Amparo.\u00a0&hellip; <\/p>\n","protected":false},"author":1,"featured_media":164941,"comment_status":"closed","ping_status":"closed","sticky":false,"template":"","format":"standard","meta":{"sfsi_plus_gutenberg_text_before_share":"","sfsi_plus_gutenberg_show_text_before_share":"","sfsi_plus_gutenberg_icon_type":"","sfsi_plus_gutenberg_icon_alignemt":"","sfsi_plus_gutenburg_max_per_row":"","footnotes":""},"categories":[6,50],"tags":[],"class_list":["post-164940","post","type-post","status-publish","format-standard","has-post-thumbnail","hentry","category-cidades","category-destaque"],"_links":{"self":[{"href":"https:\/\/www.caririemacao.com\/1\/wp-json\/wp\/v2\/posts\/164940","targetHints":{"allow":["GET"]}}],"collection":[{"href":"https:\/\/www.caririemacao.com\/1\/wp-json\/wp\/v2\/posts"}],"about":[{"href":"https:\/\/www.caririemacao.com\/1\/wp-json\/wp\/v2\/types\/post"}],"author":[{"embeddable":true,"href":"https:\/\/www.caririemacao.com\/1\/wp-json\/wp\/v2\/users\/1"}],"replies":[{"embeddable":true,"href":"https:\/\/www.caririemacao.com\/1\/wp-json\/wp\/v2\/comments?post=164940"}],"version-history":[{"count":1,"href":"https:\/\/www.caririemacao.com\/1\/wp-json\/wp\/v2\/posts\/164940\/revisions"}],"predecessor-version":[{"id":164943,"href":"https:\/\/www.caririemacao.com\/1\/wp-json\/wp\/v2\/posts\/164940\/revisions\/164943"}],"wp:featuredmedia":[{"embeddable":true,"href":"https:\/\/www.caririemacao.com\/1\/wp-json\/wp\/v2\/media\/164941"}],"wp:attachment":[{"href":"https:\/\/www.caririemacao.com\/1\/wp-json\/wp\/v2\/media?parent=164940"}],"wp:term":[{"taxonomy":"category","embeddable":true,"href":"https:\/\/www.caririemacao.com\/1\/wp-json\/wp\/v2\/categories?post=164940"},{"taxonomy":"post_tag","embeddable":true,"href":"https:\/\/www.caririemacao.com\/1\/wp-json\/wp\/v2\/tags?post=164940"}],"curies":[{"name":"wp","href":"https:\/\/api.w.org\/{rel}","templated":true}]}}