{"id":164946,"date":"2020-04-20T10:26:24","date_gmt":"2020-04-20T13:26:24","guid":{"rendered":"http:\/\/www.caririemacao.com\/1\/?p=164946"},"modified":"2020-04-20T10:26:25","modified_gmt":"2020-04-20T13:26:25","slug":"em-amparo-festa-da-misericordia-2020-sera-transmitida-por-meio-das-redes-sociais","status":"publish","type":"post","link":"https:\/\/www.caririemacao.com\/1\/2020\/04\/20\/em-amparo-festa-da-misericordia-2020-sera-transmitida-por-meio-das-redes-sociais\/","title":{"rendered":"Em Amparo: Festa da Miseric\u00f3rdia 2020 ser\u00e1 transmitida por meio das Redes Sociais"},"content":{"rendered":"\n<p>A tradicional Festa da Miseric\u00f3rdia promovida pela Par\u00f3quia de Nossa Senhora do Ros\u00e1rio (da cidade de Prata-PB), que costumava ser realizada aos moldes de Retiro aberto em Gin\u00e1sio Esportivo, este ano, por quest\u00f5es de Pandemia,\u00a0 o evento ser\u00e1 realizado a portas fechadas na Igreja da cidade de Amparo-PB sem a presen\u00e7a dos fi\u00e9is.<\/p>\n\n\n\n<p><br>Com uma programa\u00e7\u00e3o toda online, o evento ter\u00e1 inicio \u00e0s 14h, com louvor, prega\u00e7\u00f5es que ser\u00e3o enviadas pelos mission\u00e1rios da Can\u00e7\u00e3o Nova, e momentos de ora\u00e7\u00e3o. \u00c0s 15h haver\u00e1 a recita\u00e7\u00e3o do Ter\u00e7o da Miseric\u00f3rdia, \u00e0s 16h50 Santa Missa presidida pelo P\u00e1roco, o Padre Eude Ara\u00fajo, e em seguida Adora\u00e7\u00e3o ao Sant\u00edssimo Sacramento.<\/p>\n\n\n\n<p><br>Todos esses momentos ser\u00e3o transmitidos pelas r\u00e1dios Prata FM, e Ouro Velho FM, al\u00e9m de uma ampla cobertura pelas P\u00e1ginas de F\u00e3s do Facebook, nas seguintes contas: Par\u00f3quia Nossa Senhora do Ros\u00e1rio Prata-PB, Pascom da Comunidade S\u00e3o Sebasti\u00e3o Amparo-PB, e Igreja Nossa Senhora das Gra\u00e7as Ouro Velho-PB. No canal de v\u00eddeo Youtube, a transmiss\u00e3o fica por conta do Portal de Not\u00edcia Amparo Ligado.<\/p>\n\n\n\n<p><br>Para o Padre Eude, n\u00e3o \u00e9 a adversidade do Coronav\u00edrus que impedir\u00e1 a realiza\u00e7\u00e3o do encontro: \u201cLouvado seja Deus pelos meios de Comunica\u00e7\u00e3o, pois a partir deles, levaremos a palavra aos confins da terra. Seja voc\u00ea convidado junto \u00e0 sua fam\u00edlia, neste domingo da Miseric\u00f3rdia, a conosco rezar a dist\u00e2ncia transformando sua casa em um santu\u00e1rio da Miseric\u00f3rdia\u201d. Disse o P\u00e1roco.<\/p>\n\n\n\n<p>Com Amparo Ligado<\/p>\n","protected":false},"excerpt":{"rendered":"<p>A tradicional Festa da Miseric\u00f3rdia promovida pela Par\u00f3quia de Nossa Senhora do Ros\u00e1rio (da cidade de Prata-PB), que costumava ser realizada aos moldes de Retiro&hellip; <\/p>\n","protected":false},"author":1,"featured_media":164947,"comment_status":"closed","ping_status":"closed","sticky":false,"template":"","format":"standard","meta":{"sfsi_plus_gutenberg_text_before_share":"","sfsi_plus_gutenberg_show_text_before_share":"","sfsi_plus_gutenberg_icon_type":"","sfsi_plus_gutenberg_icon_alignemt":"","sfsi_plus_gutenburg_max_per_row":"","footnotes":""},"categories":[6,50],"tags":[],"class_list":["post-164946","post","type-post","status-publish","format-standard","has-post-thumbnail","hentry","category-cidades","category-destaque"],"_links":{"self":[{"href":"https:\/\/www.caririemacao.com\/1\/wp-json\/wp\/v2\/posts\/164946","targetHints":{"allow":["GET"]}}],"collection":[{"href":"https:\/\/www.caririemacao.com\/1\/wp-json\/wp\/v2\/posts"}],"about":[{"href":"https:\/\/www.caririemacao.com\/1\/wp-json\/wp\/v2\/types\/post"}],"author":[{"embeddable":true,"href":"https:\/\/www.caririemacao.com\/1\/wp-json\/wp\/v2\/users\/1"}],"replies":[{"embeddable":true,"href":"https:\/\/www.caririemacao.com\/1\/wp-json\/wp\/v2\/comments?post=164946"}],"version-history":[{"count":1,"href":"https:\/\/www.caririemacao.com\/1\/wp-json\/wp\/v2\/posts\/164946\/revisions"}],"predecessor-version":[{"id":164948,"href":"https:\/\/www.caririemacao.com\/1\/wp-json\/wp\/v2\/posts\/164946\/revisions\/164948"}],"wp:featuredmedia":[{"embeddable":true,"href":"https:\/\/www.caririemacao.com\/1\/wp-json\/wp\/v2\/media\/164947"}],"wp:attachment":[{"href":"https:\/\/www.caririemacao.com\/1\/wp-json\/wp\/v2\/media?parent=164946"}],"wp:term":[{"taxonomy":"category","embeddable":true,"href":"https:\/\/www.caririemacao.com\/1\/wp-json\/wp\/v2\/categories?post=164946"},{"taxonomy":"post_tag","embeddable":true,"href":"https:\/\/www.caririemacao.com\/1\/wp-json\/wp\/v2\/tags?post=164946"}],"curies":[{"name":"wp","href":"https:\/\/api.w.org\/{rel}","templated":true}]}}