{"id":164957,"date":"2020-04-20T12:27:22","date_gmt":"2020-04-20T15:27:22","guid":{"rendered":"http:\/\/www.caririemacao.com\/1\/?p=164957"},"modified":"2020-04-20T12:27:24","modified_gmt":"2020-04-20T15:27:24","slug":"policia-federal-deflagra-operacao-contra-suspeitos-de-assaltar-agencia-dos-correios-em-sume","status":"publish","type":"post","link":"https:\/\/www.caririemacao.com\/1\/2020\/04\/20\/policia-federal-deflagra-operacao-contra-suspeitos-de-assaltar-agencia-dos-correios-em-sume\/","title":{"rendered":"Pol\u00edcia Federal deflagra opera\u00e7\u00e3o contra suspeitos de assaltar ag\u00eancia dos Correios em Sum\u00e9"},"content":{"rendered":"\n<div class=\"wp-block-image\"><figure class=\"aligncenter\"><a href=\"http:\/\/noticiasemdestaque.com\/cd\/wp-content\/uploads\/2017\/12\/concurso-sum%C3%A9.jpg\"><img decoding=\"async\" data-src=\"http:\/\/noticiasemdestaque.com\/cd\/wp-content\/uploads\/2017\/12\/concurso-sum%C3%A9.jpg\" alt=\"\" class=\"wp-image-6596 lazyload\" src=\"data:image\/svg+xml;base64,PHN2ZyB3aWR0aD0iMSIgaGVpZ2h0PSIxIiB4bWxucz0iaHR0cDovL3d3dy53My5vcmcvMjAwMC9zdmciPjwvc3ZnPg==\" \/><\/a><\/figure><\/div>\n\n\n\n<p>A Pol\u00edcia Federal na Para\u00edba deflagrou nesta segunda-feira (20), uma opera\u00e7\u00e3o para desarticular associa\u00e7\u00e3o criminosa dedicada ao cometimento de roubos na ag\u00eancia dos Correios da cidade de Sum\u00e9, na Para\u00edba. A Opera\u00e7\u00e3o Finem F\u00e1bula contou com a&nbsp;com a colabora\u00e7\u00e3o de policiais da Bahia e de Manaus.<\/p>\n\n\n\n<p>Foram cumpridos dois mandados de pris\u00e3o preventiva, nas cidades de Petrolina, em Pernambuco&nbsp;e em Manaus, no Amazona. Os mandados foram expedidos pela Justi\u00e7a Federal de Monteiro, na Para\u00edba.<\/p>\n\n\n\n<p><strong>Entenda o caso<\/strong><\/p>\n\n\n\n<p>Os investigados s\u00e3o suspeitos de terem cometido um assalto contra a Ag\u00eancia dos<br>Correios da cidade de Sum\u00e9\/PB, na data de 27.11.2018.&nbsp;Um dos presos, conhecido por Tonho,&nbsp;\u00e9 um dos maiores assaltantes de&nbsp;Ag\u00eancias dos Correios do Brasil.<\/p>\n\n\n\n<p>Ele foi preso em flagrante na data de 25.06.2019, ap\u00f3s o&nbsp;assalto contra a Ag\u00eancia dos Correios de Cust\u00f3dia\/PE, estando atualmente recolhido&nbsp;no Pres\u00eddio de Petrolina, em Pernambuco.<\/p>\n\n\n\n<p>A Pol\u00edcia acredita que o acusado&nbsp;tenha assaltado pelo menos 50 Ag\u00eancias do Correios ao longo&nbsp;de v\u00e1rios anos, em Estados diversos como Amazonas, Amap\u00e1, Par\u00e1, Maranh\u00e3o, Piau\u00ed,&nbsp;Cear\u00e1, Rio Grande do Norte, Para\u00edba, Pernambuco, Alagoas, Sergipe e Bahia, tendo&nbsp;longo hist\u00f3rico de fugas ap\u00f3s diversas ocasi\u00f5es em que foi preso.<\/p>\n\n\n\n<p>Dentre as Ag\u00eancias do Correios que o mesmo assaltou no Estado da Para\u00edba, al\u00e9m da de Sum\u00e9, est\u00e3o, as de Mataraca (15.12.2014), Cabedelo (28.07.2015), Queimadas&nbsp;(25.05.2017) e Esperan\u00e7a\/PB (27.04.2018).<\/p>\n\n\n\n<p>Tendo em vista a periculosidade do investigado, a Pol\u00edcia Federal solicitou sua<br>transfer\u00eancia para um Pres\u00eddio Federal.<\/p>\n\n\n\n<p><strong>Nome da Opera\u00e7\u00e3o<\/strong><\/p>\n\n\n\n<p>A investiga\u00e7\u00e3o foi batizada de FINEM F\u00c1BULA que, tradu\u00e7\u00e3o livre, significa \u201cfim da<br>est\u00f3ria\u201d.<\/p>\n\n\n\n<p>Cariri em A\u00e7\u00e3o<\/p>\n\n\n\n<p>Com Click PB<\/p>\n","protected":false},"excerpt":{"rendered":"<p>A Pol\u00edcia Federal na Para\u00edba deflagrou nesta segunda-feira (20), uma opera\u00e7\u00e3o para desarticular associa\u00e7\u00e3o criminosa dedicada ao cometimento de roubos na ag\u00eancia dos Correios da&hellip; <\/p>\n","protected":false},"author":2,"featured_media":71391,"comment_status":"closed","ping_status":"closed","sticky":false,"template":"","format":"standard","meta":{"sfsi_plus_gutenberg_text_before_share":"","sfsi_plus_gutenberg_show_text_before_share":"","sfsi_plus_gutenberg_icon_type":"","sfsi_plus_gutenberg_icon_alignemt":"","sfsi_plus_gutenburg_max_per_row":"","footnotes":""},"categories":[50,12],"tags":[],"class_list":["post-164957","post","type-post","status-publish","format-standard","has-post-thumbnail","hentry","category-destaque","category-policia"],"_links":{"self":[{"href":"https:\/\/www.caririemacao.com\/1\/wp-json\/wp\/v2\/posts\/164957","targetHints":{"allow":["GET"]}}],"collection":[{"href":"https:\/\/www.caririemacao.com\/1\/wp-json\/wp\/v2\/posts"}],"about":[{"href":"https:\/\/www.caririemacao.com\/1\/wp-json\/wp\/v2\/types\/post"}],"author":[{"embeddable":true,"href":"https:\/\/www.caririemacao.com\/1\/wp-json\/wp\/v2\/users\/2"}],"replies":[{"embeddable":true,"href":"https:\/\/www.caririemacao.com\/1\/wp-json\/wp\/v2\/comments?post=164957"}],"version-history":[{"count":1,"href":"https:\/\/www.caririemacao.com\/1\/wp-json\/wp\/v2\/posts\/164957\/revisions"}],"predecessor-version":[{"id":164958,"href":"https:\/\/www.caririemacao.com\/1\/wp-json\/wp\/v2\/posts\/164957\/revisions\/164958"}],"wp:featuredmedia":[{"embeddable":true,"href":"https:\/\/www.caririemacao.com\/1\/wp-json\/wp\/v2\/media\/71391"}],"wp:attachment":[{"href":"https:\/\/www.caririemacao.com\/1\/wp-json\/wp\/v2\/media?parent=164957"}],"wp:term":[{"taxonomy":"category","embeddable":true,"href":"https:\/\/www.caririemacao.com\/1\/wp-json\/wp\/v2\/categories?post=164957"},{"taxonomy":"post_tag","embeddable":true,"href":"https:\/\/www.caririemacao.com\/1\/wp-json\/wp\/v2\/tags?post=164957"}],"curies":[{"name":"wp","href":"https:\/\/api.w.org\/{rel}","templated":true}]}}