{"id":164962,"date":"2020-04-20T13:54:42","date_gmt":"2020-04-20T16:54:42","guid":{"rendered":"http:\/\/www.caririemacao.com\/1\/?p=164962"},"modified":"2020-04-20T13:54:45","modified_gmt":"2020-04-20T16:54:45","slug":"prefeitura-de-sume-auxilia-pessoas-com-restricoes-no-cpf-para-recebimento-do-auxilio-emergencial-do-governo-federal","status":"publish","type":"post","link":"https:\/\/www.caririemacao.com\/1\/2020\/04\/20\/prefeitura-de-sume-auxilia-pessoas-com-restricoes-no-cpf-para-recebimento-do-auxilio-emergencial-do-governo-federal\/","title":{"rendered":"Prefeitura de Sum\u00e9 auxilia pessoas com restri\u00e7\u00f5es no CPF para recebimento do Aux\u00edlio Emergencial do Governo Federal"},"content":{"rendered":"\n<p>A Prefeitura de Sum\u00e9, em parceria com a Receita Federal do Brasil, por meio do delegado da Receita Federal de Campina Grande, Gilberto Mendes Rios, a partir desta quarta-feira (22\/04), estar\u00e1 auxiliando as pessoas que est\u00e3o enfrentando problemas para recebimento do Aux\u00edlio Emergencial do Governo Federal devido a problemas no CPF.<\/p>\n\n\n\n<p>Uma equipe da Secretaria de Educa\u00e7\u00e3o estar\u00e1 dispon\u00edvel para atender as pessoas que buscam o aux\u00edlio mas que est\u00e3o com restri\u00e7\u00e3o no CPF.<\/p>\n\n\n\n<p>A equipe estar\u00e1 dispon\u00edvel na SEDUC, no hor\u00e1rio das 8h \u00e0s 13h, de segunda a sexta-feira.&nbsp; As pessoas que ficar\u00e3o respons\u00e1veis para prestar este atendimento s\u00e3o: Juliana Feitosa, Jamila Travassos e Tales Rodolfo.<\/p>\n\n\n\n<p>A Secretaria de Assist\u00eancia Social buscou a parceria com os servidores da Educa\u00e7\u00e3o devido ao aumento na demanda da Secretaria Assistencia Social para atender as pessoas em situa\u00e7\u00e3o de vulnerabilidade social neste momento de pandemia causada pelo Covid-19.<\/p>\n\n\n\n<p>Ascom PMS<\/p>\n","protected":false},"excerpt":{"rendered":"<p>A Prefeitura de Sum\u00e9, em parceria com a Receita Federal do Brasil, por meio do delegado da Receita Federal de Campina Grande, Gilberto Mendes Rios,&hellip; <\/p>\n","protected":false},"author":2,"featured_media":164500,"comment_status":"closed","ping_status":"closed","sticky":false,"template":"","format":"standard","meta":{"sfsi_plus_gutenberg_text_before_share":"","sfsi_plus_gutenberg_show_text_before_share":"","sfsi_plus_gutenberg_icon_type":"","sfsi_plus_gutenberg_icon_alignemt":"","sfsi_plus_gutenburg_max_per_row":"","footnotes":""},"categories":[50,2],"tags":[],"class_list":["post-164962","post","type-post","status-publish","format-standard","has-post-thumbnail","hentry","category-destaque","category-geral"],"_links":{"self":[{"href":"https:\/\/www.caririemacao.com\/1\/wp-json\/wp\/v2\/posts\/164962","targetHints":{"allow":["GET"]}}],"collection":[{"href":"https:\/\/www.caririemacao.com\/1\/wp-json\/wp\/v2\/posts"}],"about":[{"href":"https:\/\/www.caririemacao.com\/1\/wp-json\/wp\/v2\/types\/post"}],"author":[{"embeddable":true,"href":"https:\/\/www.caririemacao.com\/1\/wp-json\/wp\/v2\/users\/2"}],"replies":[{"embeddable":true,"href":"https:\/\/www.caririemacao.com\/1\/wp-json\/wp\/v2\/comments?post=164962"}],"version-history":[{"count":1,"href":"https:\/\/www.caririemacao.com\/1\/wp-json\/wp\/v2\/posts\/164962\/revisions"}],"predecessor-version":[{"id":164963,"href":"https:\/\/www.caririemacao.com\/1\/wp-json\/wp\/v2\/posts\/164962\/revisions\/164963"}],"wp:featuredmedia":[{"embeddable":true,"href":"https:\/\/www.caririemacao.com\/1\/wp-json\/wp\/v2\/media\/164500"}],"wp:attachment":[{"href":"https:\/\/www.caririemacao.com\/1\/wp-json\/wp\/v2\/media?parent=164962"}],"wp:term":[{"taxonomy":"category","embeddable":true,"href":"https:\/\/www.caririemacao.com\/1\/wp-json\/wp\/v2\/categories?post=164962"},{"taxonomy":"post_tag","embeddable":true,"href":"https:\/\/www.caririemacao.com\/1\/wp-json\/wp\/v2\/tags?post=164962"}],"curies":[{"name":"wp","href":"https:\/\/api.w.org\/{rel}","templated":true}]}}